{"id":92056,"date":"2025-12-18T10:30:46","date_gmt":"2025-12-18T15:30:46","guid":{"rendered":"https:\/\/yesmontreal.ca\/?p=92056"},"modified":"2025-12-18T10:26:28","modified_gmt":"2025-12-18T15:26:28","slug":"30-visages-gavin-seal","status":"publish","type":"post","link":"https:\/\/yesmontreal.ca\/fr\/30-visages-gavin-seal\/","title":{"rendered":"Visage en vedette : Gavin Seal"},"content":{"rendered":"<h1>D\u00e9couvrez Gavin Seal, l\u2019un de nos 30 visages de YES<\/h1>\n<p>Quand Gavin a pris contact avec YES pour la premi\u00e8re fois en 2019, il se trouvait \u00e0 un moment charni\u00e8re de sa carri\u00e8re. Apr\u00e8s des ann\u00e9es \u00e0 perfectionner son art, il faisait face \u00e0 des obstacles syst\u00e9miques et \u00e0 un acc\u00e8s limit\u00e9 au financement en arts. Continuer sur une voie cr\u00e9ative traditionnelle lui semblait alors difficilement viable. En milieu de carri\u00e8re et \u00e0 la recherche de stabilit\u00e9, il s\u2019est tourn\u00e9 vers YES pour trouver une fa\u00e7on d\u2019accro\u00eetre l\u2019application de ses comp\u00e9tences, sans pour autant renoncer \u00e0 son identit\u00e9 cr\u00e9ative.<\/p>\n<p>Gr\u00e2ce au coaching et aux ateliers de YES, Gavin a gagn\u00e9 en clart\u00e9, en confiance et en recul (je sugg\u00e8re r\u00e9trospection) sur son parcours professionnel. Gr\u00e2ce \u00e0 un accompagnement structur\u00e9, il a appris \u00e0 traduire ses forces cr\u00e9atives en comp\u00e9tences recherch\u00e9es, \u00e0 explorer de nouveaux secteurs et \u00e0 faire des choix de carri\u00e8re strat\u00e9giques lui offrant \u00e0 la fois une s\u00e9curit\u00e9 financi\u00e8re et des perspectives de croissance \u00e0 long terme.<\/p>\n<p>Aujourd\u2019hui, il a boucl\u00e9 la boucle de son parcours. Fort de nouvelles comp\u00e9tences en affaires et d\u2019une confiance renouvel\u00e9e, Gavin est cin\u00e9aste \u00e0 temps plein, laur\u00e9at de prix, entrepreneur et finaliste aux prix \u00c9crans canadiens. De retour chez YES comme conf\u00e9rencier et mentor, il partage maintenant son exp\u00e9rience avec d\u2019autres artistes. En aidant les \u00ab artrepreneurs \u00bb \u00e0 surmonter les d\u00e9fis syst\u00e9miques et \u00e0 b\u00e2tir des carri\u00e8res durables selon leurs propres r\u00e8gles, il prouve une chose : parfois, c\u2019est le d\u00e9tour qui rend le r\u00eave possible.<\/p>\n<h2>Entrevue avec Gavin<\/h2>\n<h5>Qu\u2019est-ce qui vous a amen\u00e9 \u00e0 YES, et qu\u2019esp\u00e9riez-vous accomplir \u00e0 ce moment-l\u00e0 ?<\/h5>\n<p>J\u2019avais abandonn\u00e9 le cin\u00e9ma et je voulais me trouver un emploi dans un secteur o\u00f9 mes comp\u00e9tences seraient reconnues et valoris\u00e9es.<\/p>\n<h5>Pouvez-vous nous parler de certains d\u00e9fis ou objectifs auxquels vous faisiez face lorsque vous avez d\u2019abord communiqu\u00e9 avec YES ? Y a-t-il eu un moment ou un obstacle particuli\u00e8rement marquant ?<\/h5>\n<p>Il y avait des restrictions d\u2019\u00e2ge dans le syst\u00e8me de financement des arts au Qu\u00e9bec, et j\u2019\u00e9tais devenu trop \u00e2g\u00e9 pour \u00eatre admissible.<\/p>\n<h5>Comment YES vous a-t-il aid\u00e9 \u00e0 surmonter ces d\u00e9fis ou \u00e0 avancer dans votre carri\u00e8re, votre entreprise ou votre parcours artistique ?<\/h5>\n<p>YES m\u2019a aid\u00e9 \u00e0 identifier mes comp\u00e9tences transf\u00e9rables, \u00e0 adapter mon CV pour d\u2019autres secteurs et \u00e0 rep\u00e9rer des opportunit\u00e9s d\u2019emplois bien r\u00e9mun\u00e9r\u00e9s.<\/p>\n<h5>Y a-t-il eu des outils, des ateliers ou des apprentissages de YES qui ont eu un impact durable ?<\/h5>\n<p>L\u2019accompagnement individuel (coaching).<\/p>\n<h5>O\u00f9 en \u00eates-vous aujourd\u2019hui dans votre parcours, et de quelles r\u00e9alisations ou \u00e9tapes \u00eates-vous le plus fier ?<\/h5>\n<p>Gr\u00e2ce \u00e0 YES, j\u2019ai obtenu des emplois avec salaire \u00e0 six chiffres chez Mattel et Shopify. J\u2019ai ensuite repris le cin\u00e9ma \u00e0 temps plein, remport\u00e9 des prix, je suis en comp\u00e9tition pour les Oscars canadiens (les prix \u00c9crans canadiens), et j\u2019ai b\u00e2ti ma propre entreprise.<\/p>\n<h5>Avec le recul, y a-t-il un moment ou un succ\u00e8s qui se d\u00e9marque comme un v\u00e9ritable point tournant ?<\/h5>\n<p>Me faire mettre \u00e0 pied de Shopify a \u00e9t\u00e9 la meilleure chose qui me soit arriv\u00e9e. Gr\u00e2ce \u00e0 YES, j\u2019ai trouv\u00e9 un emploi quand j\u2019en avais besoin, et gr\u00e2ce \u00e0 l\u2019assurance emploi, j\u2019ai pu retourner \u00e0 la poursuite de mes r\u00eaves. J\u2019ai r\u00e9alis\u00e9 que ce dont j\u2019avais le plus besoin pour r\u00e9ussir comme artiste, c\u2019\u00e9tait de solides comp\u00e9tences en affaires \u2014 des comp\u00e9tences que j\u2019ai acquises gr\u00e2ce \u00e0 ces emplois en entreprise.<\/p>\n<h5>\u00c0 quelle \u00e9tape de votre carri\u00e8re, de votre entreprise ou de votre parcours artistique \u00e9tiez-vous lorsque vous avez communiqu\u00e9 avec YES ?<\/h5>\n<p>\u00c0 mi-carri\u00e8re, cin\u00e9aste \u00e9mergent (selon le jargon de l\u2019industrie).<\/p>\n<h5>\u00c0 quels services, ateliers ou programmes de coaching de YES avez-vous particip\u00e9 ?<\/h5>\n<p>J\u2019ai profit\u00e9 de l\u2019ensemble des services de YES, autant les ateliers que le programme de coaching.<\/p>\n<h5>Avez-vous des moments de \u201cboucle boucl\u00e9e\u201d \u00e0 partager \u2014 par exemple un retour comme conf\u00e9rencier, mentor ou b\u00e9n\u00e9vole ?<\/h5>\n<p>C\u2019est un plaisir et un honneur de revenir \u00e0 YES comme conf\u00e9rencier et mentor, et d\u2019enseigner \u00e0 d\u2019autres artrepreneurs comment surmonter les barri\u00e8res syst\u00e9miques du syst\u00e8me de financement gouvernemental gr\u00e2ce \u00e0 des mod\u00e8les d\u2019affaires innovants, con\u00e7us sp\u00e9cifiquement pour les artistes.<\/p>\n<hr \/>\n<h5><em><span style=\"text-decoration: underline;\"><a href=\"https:\/\/www.instagram.com\/makingmovieswithgavin\/\" target=\"_blank\" rel=\"noopener\">\u2794 Suivez le parcours de Gavin.<\/a><\/span><\/em><\/h5>\n<p>&nbsp;<\/p>\n<h4><span style=\"text-decoration: underline;\"><a href=\"https:\/\/yesmontreal.ca\/fr\/artistes\/calendrier\/\" target=\"_blank\" rel=\"noopener\">D\u00e9couvrez nos prochains ateliers pour artistes<\/a><\/span><\/h4>\n<h4><\/h4>\n<h4>Retour \u00e0 la page 30 visages de YES :<\/h4>\n<p><a href=\"https:\/\/yesmontreal.ca\/fr\/les-30-visages-de-yes\/\"><img decoding=\"async\" class=\"alignnone wp-image-89590\" src=\"https:\/\/yesmontreal.ca\/wp-content\/uploads\/\/30FacesOfYES-Logo-French-1024x407.jpg\" alt=\"\" width=\"403\" height=\"160\" \/><\/a><\/p>\n<h4><\/h4>\n","protected":false},"excerpt":{"rendered":"<p>Des obstacles au financement jusqu\u2019\u00e0 cin\u00e9aste prim\u00e9, le parcours de Gavin Seal avec YES montre comment les professionnel\u00b7le\u00b7s de la cr\u00e9ation peuvent b\u00e2tir des carri\u00e8res durables et florissantes.<\/p>\n","protected":false},"author":9784,"featured_media":91996,"comment_status":"closed","ping_status":"closed","sticky":false,"template":"","format":"standard","meta":{"_et_pb_use_builder":"","_et_pb_old_content":"","_et_gb_content_width":"","_crdt_document":"","footnotes":""},"categories":[1008,234,239],"tags":[1021,509,359],"class_list":["post-92056","post","type-post","status-publish","format-standard","has-post-thumbnail","hentry","category-30-visages-de-yes","category-artistes","category-entrepreneuriat","tag-30-faces-of-yes-fr","tag-entrepreneur-fr","tag-histoire-dune-reussite"],"yoast_head":"<!-- This site is optimized with the Yoast SEO plugin v27.5 - https:\/\/yoast.com\/product\/yoast-seo-wordpress\/ -->\n<title>Gavin Seal: cin\u00e9aste et entrepreneur | 30 visages de YES<\/title>\n<meta name=\"description\" content=\"Des obstacles au financement jusqu\u2019\u00e0 cin\u00e9aste prim\u00e9, le parcours de Gavin Seal avec YES montre comment les professionnel\u00b7le\u00b7s de la cr\u00e9ation peuvent b\u00e2tir des carri\u00e8res durables et florissantes.\" \/>\n<meta name=\"robots\" content=\"index, follow, max-snippet:-1, max-image-preview:large, max-video-preview:-1\" \/>\n<link rel=\"canonical\" href=\"https:\/\/yesmontreal.ca\/?p=91991\" \/>\n<meta property=\"og:locale\" content=\"fr_FR\" \/>\n<meta property=\"og:type\" content=\"article\" \/>\n<meta property=\"og:title\" content=\"Gavin Seal: cin\u00e9aste et entrepreneur | 30 visages de YES\" \/>\n<meta property=\"og:description\" content=\"Des obstacles au financement jusqu\u2019\u00e0 cin\u00e9aste prim\u00e9, le parcours de Gavin Seal avec YES montre comment les professionnel\u00b7le\u00b7s de la cr\u00e9ation peuvent b\u00e2tir des carri\u00e8res durables et florissantes.\" \/>\n<meta property=\"og:url\" content=\"https:\/\/yesmontreal.ca\/?p=91991\" \/>\n<meta property=\"og:site_name\" content=\"YES Employment and Entrepreneurship\" \/>\n<meta property=\"article:publisher\" content=\"https:\/\/www.facebook.com\/yes.montreal\" \/>\n<meta property=\"article:published_time\" content=\"2025-12-18T15:30:46+00:00\" \/>\n<meta property=\"og:image\" content=\"https:\/\/yesmontreal.ca\/wp-content\/uploads\/30-Faces-Featured-Images-1.jpg\" \/>\n\t<meta property=\"og:image:width\" content=\"716\" \/>\n\t<meta property=\"og:image:height\" content=\"522\" \/>\n\t<meta property=\"og:image:type\" content=\"image\/jpeg\" \/>\n<meta name=\"author\" content=\"Mo Sabour\" \/>\n<meta name=\"twitter:card\" content=\"summary_large_image\" \/>\n<meta name=\"twitter:creator\" content=\"@YESMontreal\" \/>\n<meta name=\"twitter:site\" content=\"@YESMontreal\" \/>\n<meta name=\"twitter:label1\" content=\"\u00c9crit par\" \/>\n\t<meta name=\"twitter:data1\" content=\"Mo Sabour\" \/>\n\t<meta name=\"twitter:label2\" content=\"Dur\u00e9e de lecture estim\u00e9e\" \/>\n\t<meta name=\"twitter:data2\" content=\"4 minutes\" \/>\n<script type=\"application\/ld+json\" class=\"yoast-schema-graph\">{\"@context\":\"https:\\\/\\\/schema.org\",\"@graph\":[{\"@type\":\"Article\",\"@id\":\"https:\\\/\\\/yesmontreal.ca\\\/?p=91991#article\",\"isPartOf\":{\"@id\":\"https:\\\/\\\/yesmontreal.ca\\\/?p=91991\"},\"author\":{\"name\":\"Mo Sabour\",\"@id\":\"https:\\\/\\\/yesmontreal.ca\\\/#\\\/schema\\\/person\\\/f16e63305a9cffc45e0e3dbe293eb376\"},\"headline\":\"Visage en vedette : Gavin Seal\",\"datePublished\":\"2025-12-18T15:30:46+00:00\",\"mainEntityOfPage\":{\"@id\":\"https:\\\/\\\/yesmontreal.ca\\\/?p=91991\"},\"wordCount\":781,\"publisher\":{\"@id\":\"https:\\\/\\\/yesmontreal.ca\\\/#organization\"},\"image\":{\"@id\":\"https:\\\/\\\/yesmontreal.ca\\\/?p=91991#primaryimage\"},\"thumbnailUrl\":\"https:\\\/\\\/yesmontreal.ca\\\/wp-content\\\/uploads\\\/30-Faces-Featured-Images-1.jpg\",\"keywords\":[\"30 faces of yes\",\"entrepreneur\",\"Histoire d'une r\u00e9ussite\"],\"articleSection\":[\"30 visages de YES\",\"Artistes\",\"Entrepreneuriat\"],\"inLanguage\":\"fr-FR\"},{\"@type\":\"WebPage\",\"@id\":\"https:\\\/\\\/yesmontreal.ca\\\/?p=91991\",\"url\":\"https:\\\/\\\/yesmontreal.ca\\\/?p=91991\",\"name\":\"Gavin Seal: cin\u00e9aste et entrepreneur | 30 visages de YES\",\"isPartOf\":{\"@id\":\"https:\\\/\\\/yesmontreal.ca\\\/#website\"},\"primaryImageOfPage\":{\"@id\":\"https:\\\/\\\/yesmontreal.ca\\\/?p=91991#primaryimage\"},\"image\":{\"@id\":\"https:\\\/\\\/yesmontreal.ca\\\/?p=91991#primaryimage\"},\"thumbnailUrl\":\"https:\\\/\\\/yesmontreal.ca\\\/wp-content\\\/uploads\\\/30-Faces-Featured-Images-1.jpg\",\"datePublished\":\"2025-12-18T15:30:46+00:00\",\"description\":\"Des obstacles au financement jusqu\u2019\u00e0 cin\u00e9aste prim\u00e9, le parcours de Gavin Seal avec YES montre comment les professionnel\u00b7le\u00b7s de la cr\u00e9ation peuvent b\u00e2tir des carri\u00e8res durables et florissantes.\",\"breadcrumb\":{\"@id\":\"https:\\\/\\\/yesmontreal.ca\\\/?p=91991#breadcrumb\"},\"inLanguage\":\"fr-FR\",\"potentialAction\":[{\"@type\":\"ReadAction\",\"target\":[\"https:\\\/\\\/yesmontreal.ca\\\/?p=91991\"]}]},{\"@type\":\"ImageObject\",\"inLanguage\":\"fr-FR\",\"@id\":\"https:\\\/\\\/yesmontreal.ca\\\/?p=91991#primaryimage\",\"url\":\"https:\\\/\\\/yesmontreal.ca\\\/wp-content\\\/uploads\\\/30-Faces-Featured-Images-1.jpg\",\"contentUrl\":\"https:\\\/\\\/yesmontreal.ca\\\/wp-content\\\/uploads\\\/30-Faces-Featured-Images-1.jpg\",\"width\":716,\"height\":522},{\"@type\":\"BreadcrumbList\",\"@id\":\"https:\\\/\\\/yesmontreal.ca\\\/?p=91991#breadcrumb\",\"itemListElement\":[{\"@type\":\"ListItem\",\"position\":1,\"name\":\"Home\",\"item\":\"https:\\\/\\\/yesmontreal.ca\\\/fr\\\/\"},{\"@type\":\"ListItem\",\"position\":2,\"name\":\"Visage en vedette : Gavin Seal\"}]},{\"@type\":\"WebSite\",\"@id\":\"https:\\\/\\\/yesmontreal.ca\\\/#website\",\"url\":\"https:\\\/\\\/yesmontreal.ca\\\/\",\"name\":\"YES Employment and Entrepreneurship\",\"description\":\"Free Employment and Entrepreneurship services in Quebec\",\"publisher\":{\"@id\":\"https:\\\/\\\/yesmontreal.ca\\\/#organization\"},\"potentialAction\":[{\"@type\":\"SearchAction\",\"target\":{\"@type\":\"EntryPoint\",\"urlTemplate\":\"https:\\\/\\\/yesmontreal.ca\\\/?s={search_term_string}\"},\"query-input\":{\"@type\":\"PropertyValueSpecification\",\"valueRequired\":true,\"valueName\":\"search_term_string\"}}],\"inLanguage\":\"fr-FR\"},{\"@type\":\"Organization\",\"@id\":\"https:\\\/\\\/yesmontreal.ca\\\/#organization\",\"name\":\"YES Employment + Entrepreneurship\",\"alternateName\":\"YES Montreal\",\"url\":\"https:\\\/\\\/yesmontreal.ca\\\/\",\"logo\":{\"@type\":\"ImageObject\",\"inLanguage\":\"fr-FR\",\"@id\":\"https:\\\/\\\/yesmontreal.ca\\\/#\\\/schema\\\/logo\\\/image\\\/\",\"url\":\"https:\\\/\\\/yesmontreal.ca\\\/wp-content\\\/uploads\\\/Screen-Shot-2021-03-04-at-2.59.30-PM.png\",\"contentUrl\":\"https:\\\/\\\/yesmontreal.ca\\\/wp-content\\\/uploads\\\/Screen-Shot-2021-03-04-at-2.59.30-PM.png\",\"width\":636,\"height\":308,\"caption\":\"YES Employment + Entrepreneurship\"},\"image\":{\"@id\":\"https:\\\/\\\/yesmontreal.ca\\\/#\\\/schema\\\/logo\\\/image\\\/\"},\"sameAs\":[\"https:\\\/\\\/www.facebook.com\\\/yes.montreal\",\"https:\\\/\\\/x.com\\\/YESMontreal\",\"https:\\\/\\\/www.instagram.com\\\/yesmontreal\\\/\",\"http:\\\/\\\/ca.linkedin.com\\\/in\\\/yesmontreal\",\"https:\\\/\\\/www.youtube.com\\\/user\\\/YESMontreal\"]},{\"@type\":\"Person\",\"@id\":\"https:\\\/\\\/yesmontreal.ca\\\/#\\\/schema\\\/person\\\/f16e63305a9cffc45e0e3dbe293eb376\",\"name\":\"Mo Sabour\",\"image\":{\"@type\":\"ImageObject\",\"inLanguage\":\"fr-FR\",\"@id\":\"https:\\\/\\\/secure.gravatar.com\\\/avatar\\\/5565badbabe133037f827d74dc9ea060ef5bd0b26c1e4591079bedd132d1b8ad?s=96&d=mm&r=g\",\"url\":\"https:\\\/\\\/secure.gravatar.com\\\/avatar\\\/5565badbabe133037f827d74dc9ea060ef5bd0b26c1e4591079bedd132d1b8ad?s=96&d=mm&r=g\",\"contentUrl\":\"https:\\\/\\\/secure.gravatar.com\\\/avatar\\\/5565badbabe133037f827d74dc9ea060ef5bd0b26c1e4591079bedd132d1b8ad?s=96&d=mm&r=g\",\"caption\":\"Mo Sabour\"},\"url\":\"https:\\\/\\\/yesmontreal.ca\\\/fr\\\/author\\\/marketingassistantyesmontreal-ca\\\/\"}]}<\/script>\n<!-- \/ Yoast SEO plugin. -->","yoast_head_json":{"title":"Gavin Seal: cin\u00e9aste et entrepreneur | 30 visages de YES","description":"Des obstacles au financement jusqu\u2019\u00e0 cin\u00e9aste prim\u00e9, le parcours de Gavin Seal avec YES montre comment les professionnel\u00b7le\u00b7s de la cr\u00e9ation peuvent b\u00e2tir des carri\u00e8res durables et florissantes.","robots":{"index":"index","follow":"follow","max-snippet":"max-snippet:-1","max-image-preview":"max-image-preview:large","max-video-preview":"max-video-preview:-1"},"canonical":"https:\/\/yesmontreal.ca\/?p=91991","og_locale":"fr_FR","og_type":"article","og_title":"Gavin Seal: cin\u00e9aste et entrepreneur | 30 visages de YES","og_description":"Des obstacles au financement jusqu\u2019\u00e0 cin\u00e9aste prim\u00e9, le parcours de Gavin Seal avec YES montre comment les professionnel\u00b7le\u00b7s de la cr\u00e9ation peuvent b\u00e2tir des carri\u00e8res durables et florissantes.","og_url":"https:\/\/yesmontreal.ca\/?p=91991","og_site_name":"YES Employment and Entrepreneurship","article_publisher":"https:\/\/www.facebook.com\/yes.montreal","article_published_time":"2025-12-18T15:30:46+00:00","og_image":[{"width":716,"height":522,"url":"https:\/\/yesmontreal.ca\/wp-content\/uploads\/30-Faces-Featured-Images-1.jpg","type":"image\/jpeg"}],"author":"Mo Sabour","twitter_card":"summary_large_image","twitter_creator":"@YESMontreal","twitter_site":"@YESMontreal","twitter_misc":{"\u00c9crit par":"Mo Sabour","Dur\u00e9e de lecture estim\u00e9e":"4 minutes"},"schema":{"@context":"https:\/\/schema.org","@graph":[{"@type":"Article","@id":"https:\/\/yesmontreal.ca\/?p=91991#article","isPartOf":{"@id":"https:\/\/yesmontreal.ca\/?p=91991"},"author":{"name":"Mo Sabour","@id":"https:\/\/yesmontreal.ca\/#\/schema\/person\/f16e63305a9cffc45e0e3dbe293eb376"},"headline":"Visage en vedette : Gavin Seal","datePublished":"2025-12-18T15:30:46+00:00","mainEntityOfPage":{"@id":"https:\/\/yesmontreal.ca\/?p=91991"},"wordCount":781,"publisher":{"@id":"https:\/\/yesmontreal.ca\/#organization"},"image":{"@id":"https:\/\/yesmontreal.ca\/?p=91991#primaryimage"},"thumbnailUrl":"https:\/\/yesmontreal.ca\/wp-content\/uploads\/30-Faces-Featured-Images-1.jpg","keywords":["30 faces of yes","entrepreneur","Histoire d'une r\u00e9ussite"],"articleSection":["30 visages de YES","Artistes","Entrepreneuriat"],"inLanguage":"fr-FR"},{"@type":"WebPage","@id":"https:\/\/yesmontreal.ca\/?p=91991","url":"https:\/\/yesmontreal.ca\/?p=91991","name":"Gavin Seal: cin\u00e9aste et entrepreneur | 30 visages de YES","isPartOf":{"@id":"https:\/\/yesmontreal.ca\/#website"},"primaryImageOfPage":{"@id":"https:\/\/yesmontreal.ca\/?p=91991#primaryimage"},"image":{"@id":"https:\/\/yesmontreal.ca\/?p=91991#primaryimage"},"thumbnailUrl":"https:\/\/yesmontreal.ca\/wp-content\/uploads\/30-Faces-Featured-Images-1.jpg","datePublished":"2025-12-18T15:30:46+00:00","description":"Des obstacles au financement jusqu\u2019\u00e0 cin\u00e9aste prim\u00e9, le parcours de Gavin Seal avec YES montre comment les professionnel\u00b7le\u00b7s de la cr\u00e9ation peuvent b\u00e2tir des carri\u00e8res durables et florissantes.","breadcrumb":{"@id":"https:\/\/yesmontreal.ca\/?p=91991#breadcrumb"},"inLanguage":"fr-FR","potentialAction":[{"@type":"ReadAction","target":["https:\/\/yesmontreal.ca\/?p=91991"]}]},{"@type":"ImageObject","inLanguage":"fr-FR","@id":"https:\/\/yesmontreal.ca\/?p=91991#primaryimage","url":"https:\/\/yesmontreal.ca\/wp-content\/uploads\/30-Faces-Featured-Images-1.jpg","contentUrl":"https:\/\/yesmontreal.ca\/wp-content\/uploads\/30-Faces-Featured-Images-1.jpg","width":716,"height":522},{"@type":"BreadcrumbList","@id":"https:\/\/yesmontreal.ca\/?p=91991#breadcrumb","itemListElement":[{"@type":"ListItem","position":1,"name":"Home","item":"https:\/\/yesmontreal.ca\/fr\/"},{"@type":"ListItem","position":2,"name":"Visage en vedette : Gavin Seal"}]},{"@type":"WebSite","@id":"https:\/\/yesmontreal.ca\/#website","url":"https:\/\/yesmontreal.ca\/","name":"YES Employment and Entrepreneurship","description":"Free Employment and Entrepreneurship services in Quebec","publisher":{"@id":"https:\/\/yesmontreal.ca\/#organization"},"potentialAction":[{"@type":"SearchAction","target":{"@type":"EntryPoint","urlTemplate":"https:\/\/yesmontreal.ca\/?s={search_term_string}"},"query-input":{"@type":"PropertyValueSpecification","valueRequired":true,"valueName":"search_term_string"}}],"inLanguage":"fr-FR"},{"@type":"Organization","@id":"https:\/\/yesmontreal.ca\/#organization","name":"YES Employment + Entrepreneurship","alternateName":"YES Montreal","url":"https:\/\/yesmontreal.ca\/","logo":{"@type":"ImageObject","inLanguage":"fr-FR","@id":"https:\/\/yesmontreal.ca\/#\/schema\/logo\/image\/","url":"https:\/\/yesmontreal.ca\/wp-content\/uploads\/Screen-Shot-2021-03-04-at-2.59.30-PM.png","contentUrl":"https:\/\/yesmontreal.ca\/wp-content\/uploads\/Screen-Shot-2021-03-04-at-2.59.30-PM.png","width":636,"height":308,"caption":"YES Employment + Entrepreneurship"},"image":{"@id":"https:\/\/yesmontreal.ca\/#\/schema\/logo\/image\/"},"sameAs":["https:\/\/www.facebook.com\/yes.montreal","https:\/\/x.com\/YESMontreal","https:\/\/www.instagram.com\/yesmontreal\/","http:\/\/ca.linkedin.com\/in\/yesmontreal","https:\/\/www.youtube.com\/user\/YESMontreal"]},{"@type":"Person","@id":"https:\/\/yesmontreal.ca\/#\/schema\/person\/f16e63305a9cffc45e0e3dbe293eb376","name":"Mo Sabour","image":{"@type":"ImageObject","inLanguage":"fr-FR","@id":"https:\/\/secure.gravatar.com\/avatar\/5565badbabe133037f827d74dc9ea060ef5bd0b26c1e4591079bedd132d1b8ad?s=96&d=mm&r=g","url":"https:\/\/secure.gravatar.com\/avatar\/5565badbabe133037f827d74dc9ea060ef5bd0b26c1e4591079bedd132d1b8ad?s=96&d=mm&r=g","contentUrl":"https:\/\/secure.gravatar.com\/avatar\/5565badbabe133037f827d74dc9ea060ef5bd0b26c1e4591079bedd132d1b8ad?s=96&d=mm&r=g","caption":"Mo Sabour"},"url":"https:\/\/yesmontreal.ca\/fr\/author\/marketingassistantyesmontreal-ca\/"}]}},"_links":{"self":[{"href":"https:\/\/yesmontreal.ca\/fr\/wp-json\/wp\/v2\/posts\/92056","targetHints":{"allow":["GET"]}}],"collection":[{"href":"https:\/\/yesmontreal.ca\/fr\/wp-json\/wp\/v2\/posts"}],"about":[{"href":"https:\/\/yesmontreal.ca\/fr\/wp-json\/wp\/v2\/types\/post"}],"author":[{"embeddable":true,"href":"https:\/\/yesmontreal.ca\/fr\/wp-json\/wp\/v2\/users\/9784"}],"replies":[{"embeddable":true,"href":"https:\/\/yesmontreal.ca\/fr\/wp-json\/wp\/v2\/comments?post=92056"}],"version-history":[{"count":0,"href":"https:\/\/yesmontreal.ca\/fr\/wp-json\/wp\/v2\/posts\/92056\/revisions"}],"wp:featuredmedia":[{"embeddable":true,"href":"https:\/\/yesmontreal.ca\/fr\/wp-json\/wp\/v2\/media\/91996"}],"wp:attachment":[{"href":"https:\/\/yesmontreal.ca\/fr\/wp-json\/wp\/v2\/media?parent=92056"}],"wp:term":[{"taxonomy":"category","embeddable":true,"href":"https:\/\/yesmontreal.ca\/fr\/wp-json\/wp\/v2\/categories?post=92056"},{"taxonomy":"post_tag","embeddable":true,"href":"https:\/\/yesmontreal.ca\/fr\/wp-json\/wp\/v2\/tags?post=92056"}],"curies":[{"name":"wp","href":"https:\/\/api.w.org\/{rel}","templated":true}]}}