{"id":90374,"date":"2025-11-07T15:06:33","date_gmt":"2025-11-07T20:06:33","guid":{"rendered":"https:\/\/yesmontreal.ca\/?p=90374"},"modified":"2025-11-07T15:06:33","modified_gmt":"2025-11-07T20:06:33","slug":"30-visages-emmanuel-laflamme","status":"publish","type":"post","link":"https:\/\/yesmontreal.ca\/fr\/30-visages-emmanuel-laflamme\/","title":{"rendered":"Visage en vedette : Emmanuel Laflamme"},"content":{"rendered":"<h1>D\u00e9couvrez Emmanuel Laflamme : l\u2019un de nos 30 Visages de YES<\/h1>\n<p data-start=\"194\" data-end=\"680\">Lorsque Emmanuel a commenc\u00e9 \u00e0 exp\u00e9rimenter avec l\u2019art num\u00e9rique, il n\u2019aurait jamais imagin\u00e9 que cela le m\u00e8nerait un jour \u00e0 une reconnaissance internationale. Artiste multidisciplinaire autodidacte, avec une formation en animation de dessins anim\u00e9s et en design graphique, il a d\u2019abord partag\u00e9 en ligne des images ludiques et stimulantes \u2014 des compositions cr\u00e9atives brouillant les fronti\u00e8res entre imagination et r\u00e9alit\u00e9. Mais transformer cette passion en une carri\u00e8re artistique durable n\u2019a pas \u00e9t\u00e9 facile. C\u2019est \u00e0 ce moment-l\u00e0 qu\u2019il s\u2019est tourn\u00e9 vers YES pour obtenir des conseils.<\/p>\n<p data-start=\"682\" data-end=\"969\">Gr\u00e2ce aux ateliers, aux s\u00e9ances de coaching et aux conf\u00e9rences, Emmanuel a trouv\u00e9 la structure, les connaissances en affaires et la communaut\u00e9 dont il avait besoin pour progresser. Ses conseillers chez YES l\u2019ont aid\u00e9 \u00e0 naviguer dans le monde professionnel de l\u2019art, \u00e0 pr\u00e9ciser ses objectifs et \u00e0 d\u00e9velopper la confiance n\u00e9cessaire pour pr\u00e9senter son travail \u00e0 un public plus large.<\/p>\n<p data-start=\"971\" data-end=\"1392\">Aujourd\u2019hui, son art est reconnu et diffus\u00e9 \u00e0 l\u2019international \u2014 sa plus r\u00e9cente exposition solo a eu lieu plus t\u00f4t ce mois-ci \u00e0 la <a href=\"https:\/\/hubertkalkman.com\/\" target=\"_blank\" rel=\"noopener\">galerie Kalkman<\/a> aux Pays-Bas. Il se consacre d\u00e9sormais \u00e0 la cr\u00e9ation artistique \u00e0 temps plein et continue d\u2019explorer de nouvelles directions cr\u00e9atives, en s\u2019appuyant sur les outils, les connaissances et la confiance acquis au cours de son parcours avec YES il y a plus de dix ans.<\/p>\n<h2>Entrevue avec Emmanuel<\/h2>\n<h5>Qu\u2019est-ce qui vous a amen\u00e9 \u00e0 YES et que cherchiez-vous \u00e0 accomplir \u00e0 ce moment-l\u00e0 ?<\/h5>\n<p>Je suis venu chez YES en 2012 pour rencontrer la coach des artistes et obtenir des conseils sur diff\u00e9rents aspects du m\u00e9tier d\u2019artiste professionnel. J\u2019en \u00e9tais encore au d\u00e9but de ma carri\u00e8re, je connaissais d\u00e9j\u00e0 deux ou trois artistes qui b\u00e9n\u00e9ficiaient de ces services, et j\u2019\u00e9tais motiv\u00e9 \u00e0 passer au niveau sup\u00e9rieur. Je voyais cela comme une belle occasion d\u2019apprendre de personnes plus exp\u00e9riment\u00e9es, de m\u2019ouvrir \u00e0 de nouvelles id\u00e9es et de clarifier mes objectifs.<\/p>\n<h5>Pouvez-vous me parler de certains d\u00e9fis ou objectifs auxquels vous faisiez face lorsque vous avez d\u2019abord contact\u00e9 YES ? Y a-t-il eu un moment ou un obstacle particuli\u00e8rement marquant ?<\/h5>\n<p>Le premier d\u00e9fi dont je me souviens est survenu lorsqu\u2019une de mes cr\u00e9ations a \u00e9t\u00e9 attribu\u00e9e \u00e0 Banksy et est devenue virale. J\u2019\u00e9tais un peu d\u00e9pass\u00e9 par les r\u00e9actions et je ne savais pas trop comment g\u00e9rer la situation. En raison de la nature de mes premi\u00e8res \u0153uvres (principalement ax\u00e9es sur l\u2019appropriation et le d\u00e9tournement), j\u2019\u00e9tais assez peu s\u00fbr de mon processus artistique. C\u2019\u00e9tait avant que je d\u00e9couvre Richard Prince. Haha ! Je peux honn\u00eatement dire que cela m\u2019a amen\u00e9 dans un endroit int\u00e9ressant et a d\u00e9clench\u00e9 le processus de recherche d\u2019une voix artistique plus personnelle\u2026 qui, je crois, en est encore \u00e0 ses d\u00e9buts.<\/p>\n<div id=\"attachment_90376\" style=\"width: 1034px\" class=\"wp-caption aligncenter\"><img decoding=\"async\" aria-describedby=\"caption-attachment-90376\" class=\"wp-image-90376 size-large\" src=\"https:\/\/yesmontreal.ca\/wp-content\/uploads\/\/Emmanuel-Laflamme-art-1024x576.jpg\" alt=\"\" width=\"1024\" height=\"576\" \/><p id=\"caption-attachment-90376\" class=\"wp-caption-text\">\u00c0 gauche : Emmanuel travaillant dans son studio \u00e0 Montr\u00e9al. \u00c0 droite : une \u0153uvre de la s\u00e9rie \u00ab Le Th\u00e9\u00e2tre de la R\u00e9alit\u00e9 \u00bb d\u2019Emmanuel, pr\u00e9sent\u00e9e dans le cadre de sa premi\u00e8re exposition solo aux Pays-Bas ce mois-ci.<\/p><\/div>\n<h5>Comment YES vous a-t-il soutenu pour surmonter ces d\u00e9fis ou progresser dans votre carri\u00e8re, votre entreprise ou votre parcours artistique ?<\/h5>\n<p>Le plus grand soutien que j\u2019ai trouv\u00e9 chez YES concernait le fait d\u2019\u00eatre tenu responsable de mes propres objectifs. Chaque mois, je rencontrais la coach des artistes, et nous parlions des prochaines \u00e9tapes que je voulais franchir. Chaque mois, je devais rendre compte des objectifs du mois pr\u00e9c\u00e9dent, et la coach en assurait le suivi. Cette id\u00e9e tr\u00e8s simple \u2014 avoir quelqu\u2019un qui me demandait r\u00e9guli\u00e8rement des comptes sur mes objectifs \u2014 m\u2019a rendu beaucoup plus proactif et efficace. Cela m\u2019a donn\u00e9 envie de tenir parole en d\u00e9veloppant l\u2019habitude d\u2019agir r\u00e9guli\u00e8rement sur ce que je disais vouloir accomplir.<\/p>\n<h5>Y a-t-il des outils, ateliers ou apprentissages de YES qui ont eu un impact durable ?<\/h5>\n<p>L\u2019habitude de fixer des objectifs \u00e0 diff\u00e9rentes \u00e9chelles et d\u2019\u00e9laborer des plans d\u2019action pour les atteindre. Cr\u00e9er une liste d\u2019envoi\u2026 c\u2019est l\u2019outil le plus pr\u00e9cieux que j\u2019ai encore aujourd\u2019hui pour promouvoir mon travail. La gestion des m\u00e9dias sociaux et des ventes \u2014 j\u2019ai appris beaucoup d\u2019astuces lors des ateliers de YES. Sans oublier les nombreuses rencontres faites lors des conf\u00e9rences d\u2019artistes, dont l\u2019une a men\u00e9 \u00e0 ma premi\u00e8re collaboration avec une galerie commerciale.<\/p>\n<h5>O\u00f9 en \u00eates-vous aujourd\u2019hui dans votre parcours, et quelles r\u00e9alisations ou \u00e9tapes vous rendent le plus fier ?<\/h5>\n<p>\u00c0 bien des \u00e9gards, je peux dire que je suis toujours au m\u00eame endroit dans mon parcours. Mon objectif demeure de mat\u00e9rialiser les cr\u00e9ations et les id\u00e9es qui grandissent en moi et de les partager avec le public. J\u2019ai maintenant l\u2019avantage de pouvoir le faire \u00e0 temps plein et avec davantage de moyens, ce qui est en soi une b\u00e9n\u00e9diction. Un jalon r\u00e9cent a \u00e9t\u00e9 l\u2019obtention de mon propre studio plus t\u00f4t cette ann\u00e9e.<\/p>\n<h5>Avec le recul, y a-t-il un moment ou un succ\u00e8s qui se d\u00e9marque comme un tournant ?<\/h5>\n<p>Le moment o\u00f9 j\u2019ai d\u00e9cid\u00e9 d\u2019\u00e9tudier l\u2019art \u00e0 plein temps, de mani\u00e8re autodidacte.<\/p>\n<hr \/>\n<h5><em><span style=\"text-decoration: underline;\"><a href=\"https:\/\/www.emmanuellaflamme.com\/\" target=\"_blank\" rel=\"noopener\">\u2794 D\u00e9couvrez le site web d\u2019Emmanuel<\/a><\/span><\/em><\/h5>\n<p>&nbsp;<\/p>\n<h4><span style=\"text-decoration: underline;\"><a href=\"https:\/\/yesmontreal.ca\/fr\/artistes\/calendrier\/\" target=\"_blank\" rel=\"noopener\">D\u00e9couvrez nos prochains ateliers pour artistes<\/a><\/span><\/h4>\n<p>&nbsp;<\/p>\n<h4>Retour \u00e0 la page <strong data-start=\"5657\" data-end=\"5678\" data-is-last-node=\"\">30 visages de YES :<\/strong><\/h4>\n<p><a href=\"https:\/\/yesmontreal.ca\/fr\/les-30-visages-de-yes\/\"><img decoding=\"async\" class=\"alignnone wp-image-89313\" src=\"https:\/\/yesmontreal.ca\/wp-content\/uploads\/30FacesOfYES-Logo-French.png\" alt=\"\" width=\"408\" height=\"170\" \/><\/a><\/p>\n","protected":false},"excerpt":{"rendered":"<p>D\u2019artiste autodidacte \u00e0 la reconnaissance internationale, d\u00e9couvrez comment Emmanuel a transform\u00e9 ses r\u00eaves en r\u00e9alit\u00e9 gr\u00e2ce \u00e0 l\u2019accompagnement de YES.<\/p>\n","protected":false},"author":10,"featured_media":90371,"comment_status":"closed","ping_status":"closed","sticky":false,"template":"","format":"standard","meta":{"_et_pb_use_builder":"","_et_pb_old_content":"","_et_gb_content_width":"","footnotes":""},"categories":[1008,234],"tags":[1021,323,359],"class_list":["post-90374","post","type-post","status-publish","format-standard","has-post-thumbnail","hentry","category-30-visages-de-yes","category-artistes","tag-30-faces-of-yes-fr","tag-artiste","tag-histoire-dune-reussite"],"yoast_head":"<!-- This site is optimized with the Yoast SEO plugin v28.4 - https:\/\/yoast.com\/product\/yoast-seo-wordpress\/ -->\n<title>Emmanuel Laflamme : 30 Visages de YES | Artiste multidisciplinaire<\/title>\n<meta name=\"description\" content=\"D\u2019artiste autodidacte \u00e0 la reconnaissance internationale, d\u00e9couvrez comment Emmanuel a transform\u00e9 ses r\u00eaves en r\u00e9alit\u00e9 gr\u00e2ce \u00e0 l\u2019accompagnement de YES.\" \/>\n<meta name=\"robots\" content=\"index, follow, max-snippet:-1, max-image-preview:large, max-video-preview:-1\" \/>\n<link rel=\"canonical\" href=\"https:\/\/yesmontreal.ca\/fr\/30-visages-emmanuel-laflamme\/\" \/>\n<meta property=\"og:locale\" content=\"fr_FR\" \/>\n<meta property=\"og:type\" content=\"article\" \/>\n<meta property=\"og:title\" content=\"Emmanuel Laflamme : 30 Visages de YES | Artiste multidisciplinaire\" \/>\n<meta property=\"og:description\" content=\"D\u2019artiste autodidacte \u00e0 la reconnaissance internationale, d\u00e9couvrez comment Emmanuel a transform\u00e9 ses r\u00eaves en r\u00e9alit\u00e9 gr\u00e2ce \u00e0 l\u2019accompagnement de YES.\" \/>\n<meta property=\"og:url\" content=\"https:\/\/yesmontreal.ca\/fr\/30-visages-emmanuel-laflamme\/\" \/>\n<meta property=\"og:site_name\" content=\"YES Employment and Entrepreneurship\" \/>\n<meta property=\"article:publisher\" content=\"https:\/\/www.facebook.com\/yes.montreal\" \/>\n<meta property=\"article:published_time\" content=\"2025-11-07T20:06:33+00:00\" \/>\n<meta property=\"og:image\" content=\"https:\/\/yesmontreal.ca\/wp-content\/uploads\/Emmanuel-Laflamme-Artist.png\" \/>\n\t<meta property=\"og:image:width\" content=\"716\" \/>\n\t<meta property=\"og:image:height\" content=\"522\" \/>\n\t<meta property=\"og:image:type\" content=\"image\/png\" \/>\n<meta name=\"author\" content=\"YES\" \/>\n<meta name=\"twitter:card\" content=\"summary_large_image\" \/>\n<meta name=\"twitter:creator\" content=\"@YESMontreal\" \/>\n<meta name=\"twitter:site\" content=\"@YESMontreal\" \/>\n<meta name=\"twitter:label1\" content=\"\u00c9crit par\" \/>\n\t<meta name=\"twitter:data1\" content=\"YES\" \/>\n\t<meta name=\"twitter:label2\" content=\"Dur\u00e9e de lecture estim\u00e9e\" \/>\n\t<meta name=\"twitter:data2\" content=\"5 minutes\" \/>\n<script type=\"application\/ld+json\" class=\"yoast-schema-graph\">{\"@context\":\"https:\\\/\\\/schema.org\",\"@graph\":[{\"@type\":\"Article\",\"@id\":\"https:\\\/\\\/yesmontreal.ca\\\/fr\\\/30-visages-emmanuel-laflamme\\\/#article\",\"isPartOf\":{\"@id\":\"https:\\\/\\\/yesmontreal.ca\\\/fr\\\/30-visages-emmanuel-laflamme\\\/\"},\"author\":{\"name\":\"YES\",\"@id\":\"https:\\\/\\\/yesmontreal.ca\\\/#\\\/schema\\\/person\\\/643f91dea1f8d4b0c8f9a46db64ca919\"},\"headline\":\"Visage en vedette : Emmanuel Laflamme\",\"datePublished\":\"2025-11-07T20:06:33+00:00\",\"mainEntityOfPage\":{\"@id\":\"https:\\\/\\\/yesmontreal.ca\\\/fr\\\/30-visages-emmanuel-laflamme\\\/\"},\"wordCount\":957,\"publisher\":{\"@id\":\"https:\\\/\\\/yesmontreal.ca\\\/#organization\"},\"image\":{\"@id\":\"https:\\\/\\\/yesmontreal.ca\\\/fr\\\/30-visages-emmanuel-laflamme\\\/#primaryimage\"},\"thumbnailUrl\":\"https:\\\/\\\/yesmontreal.ca\\\/wp-content\\\/uploads\\\/Emmanuel-Laflamme-Artist.png\",\"keywords\":[\"30 faces of yes\",\"artiste\",\"Histoire d'une r\u00e9ussite\"],\"articleSection\":[\"30 visages de YES\",\"Artistes\"],\"inLanguage\":\"fr-FR\"},{\"@type\":\"WebPage\",\"@id\":\"https:\\\/\\\/yesmontreal.ca\\\/fr\\\/30-visages-emmanuel-laflamme\\\/\",\"url\":\"https:\\\/\\\/yesmontreal.ca\\\/fr\\\/30-visages-emmanuel-laflamme\\\/\",\"name\":\"Emmanuel Laflamme : 30 Visages de YES | Artiste multidisciplinaire\",\"isPartOf\":{\"@id\":\"https:\\\/\\\/yesmontreal.ca\\\/#website\"},\"primaryImageOfPage\":{\"@id\":\"https:\\\/\\\/yesmontreal.ca\\\/fr\\\/30-visages-emmanuel-laflamme\\\/#primaryimage\"},\"image\":{\"@id\":\"https:\\\/\\\/yesmontreal.ca\\\/fr\\\/30-visages-emmanuel-laflamme\\\/#primaryimage\"},\"thumbnailUrl\":\"https:\\\/\\\/yesmontreal.ca\\\/wp-content\\\/uploads\\\/Emmanuel-Laflamme-Artist.png\",\"datePublished\":\"2025-11-07T20:06:33+00:00\",\"description\":\"D\u2019artiste autodidacte \u00e0 la reconnaissance internationale, d\u00e9couvrez comment Emmanuel a transform\u00e9 ses r\u00eaves en r\u00e9alit\u00e9 gr\u00e2ce \u00e0 l\u2019accompagnement de YES.\",\"breadcrumb\":{\"@id\":\"https:\\\/\\\/yesmontreal.ca\\\/fr\\\/30-visages-emmanuel-laflamme\\\/#breadcrumb\"},\"inLanguage\":\"fr-FR\",\"potentialAction\":[{\"@type\":\"ReadAction\",\"target\":[\"https:\\\/\\\/yesmontreal.ca\\\/fr\\\/30-visages-emmanuel-laflamme\\\/\"]}]},{\"@type\":\"ImageObject\",\"inLanguage\":\"fr-FR\",\"@id\":\"https:\\\/\\\/yesmontreal.ca\\\/fr\\\/30-visages-emmanuel-laflamme\\\/#primaryimage\",\"url\":\"https:\\\/\\\/yesmontreal.ca\\\/wp-content\\\/uploads\\\/Emmanuel-Laflamme-Artist.png\",\"contentUrl\":\"https:\\\/\\\/yesmontreal.ca\\\/wp-content\\\/uploads\\\/Emmanuel-Laflamme-Artist.png\",\"width\":716,\"height\":522},{\"@type\":\"BreadcrumbList\",\"@id\":\"https:\\\/\\\/yesmontreal.ca\\\/fr\\\/30-visages-emmanuel-laflamme\\\/#breadcrumb\",\"itemListElement\":[{\"@type\":\"ListItem\",\"position\":1,\"name\":\"Home\",\"item\":\"https:\\\/\\\/yesmontreal.ca\\\/fr\\\/\"},{\"@type\":\"ListItem\",\"position\":2,\"name\":\"Visage en vedette : Emmanuel Laflamme\"}]},{\"@type\":\"WebSite\",\"@id\":\"https:\\\/\\\/yesmontreal.ca\\\/#website\",\"url\":\"https:\\\/\\\/yesmontreal.ca\\\/\",\"name\":\"YES Employment and Entrepreneurship\",\"description\":\"Free Employment and Entrepreneurship services in Quebec\",\"publisher\":{\"@id\":\"https:\\\/\\\/yesmontreal.ca\\\/#organization\"},\"potentialAction\":[{\"@type\":\"SearchAction\",\"target\":{\"@type\":\"EntryPoint\",\"urlTemplate\":\"https:\\\/\\\/yesmontreal.ca\\\/?s={search_term_string}\"},\"query-input\":{\"@type\":\"PropertyValueSpecification\",\"valueRequired\":true,\"valueName\":\"search_term_string\"}}],\"inLanguage\":\"fr-FR\"},{\"@type\":\"Organization\",\"@id\":\"https:\\\/\\\/yesmontreal.ca\\\/#organization\",\"name\":\"YES Employment + Entrepreneurship\",\"alternateName\":\"YES Montreal\",\"url\":\"https:\\\/\\\/yesmontreal.ca\\\/\",\"logo\":{\"@type\":\"ImageObject\",\"inLanguage\":\"fr-FR\",\"@id\":\"https:\\\/\\\/yesmontreal.ca\\\/#\\\/schema\\\/logo\\\/image\\\/\",\"url\":\"https:\\\/\\\/yesmontreal.ca\\\/wp-content\\\/uploads\\\/Screen-Shot-2021-03-04-at-2.59.30-PM.png\",\"contentUrl\":\"https:\\\/\\\/yesmontreal.ca\\\/wp-content\\\/uploads\\\/Screen-Shot-2021-03-04-at-2.59.30-PM.png\",\"width\":636,\"height\":308,\"caption\":\"YES Employment + Entrepreneurship\"},\"image\":{\"@id\":\"https:\\\/\\\/yesmontreal.ca\\\/#\\\/schema\\\/logo\\\/image\\\/\"},\"sameAs\":[\"https:\\\/\\\/www.facebook.com\\\/yes.montreal\",\"https:\\\/\\\/x.com\\\/YESMontreal\",\"https:\\\/\\\/www.instagram.com\\\/yesmontreal\\\/\",\"http:\\\/\\\/ca.linkedin.com\\\/in\\\/yesmontreal\",\"https:\\\/\\\/www.youtube.com\\\/user\\\/YESMontreal\"]},{\"@type\":\"Person\",\"@id\":\"https:\\\/\\\/yesmontreal.ca\\\/#\\\/schema\\\/person\\\/643f91dea1f8d4b0c8f9a46db64ca919\",\"name\":\"YES\",\"image\":{\"@type\":\"ImageObject\",\"inLanguage\":\"fr-FR\",\"@id\":\"https:\\\/\\\/secure.gravatar.com\\\/avatar\\\/9d0103ec9079a23538b5e0aea4a45dfeb35bf7c185c069d9def3906b8a9eb9c4?s=96&d=mm&r=g\",\"url\":\"https:\\\/\\\/secure.gravatar.com\\\/avatar\\\/9d0103ec9079a23538b5e0aea4a45dfeb35bf7c185c069d9def3906b8a9eb9c4?s=96&d=mm&r=g\",\"contentUrl\":\"https:\\\/\\\/secure.gravatar.com\\\/avatar\\\/9d0103ec9079a23538b5e0aea4a45dfeb35bf7c185c069d9def3906b8a9eb9c4?s=96&d=mm&r=g\",\"caption\":\"YES\"},\"url\":\"https:\\\/\\\/yesmontreal.ca\\\/fr\\\/author\\\/yes\\\/\"}]}<\/script>\n<!-- \/ Yoast SEO plugin. -->","yoast_head_json":{"title":"Emmanuel Laflamme : 30 Visages de YES | Artiste multidisciplinaire","description":"D\u2019artiste autodidacte \u00e0 la reconnaissance internationale, d\u00e9couvrez comment Emmanuel a transform\u00e9 ses r\u00eaves en r\u00e9alit\u00e9 gr\u00e2ce \u00e0 l\u2019accompagnement de YES.","robots":{"index":"index","follow":"follow","max-snippet":"max-snippet:-1","max-image-preview":"max-image-preview:large","max-video-preview":"max-video-preview:-1"},"canonical":"https:\/\/yesmontreal.ca\/fr\/30-visages-emmanuel-laflamme\/","og_locale":"fr_FR","og_type":"article","og_title":"Emmanuel Laflamme : 30 Visages de YES | Artiste multidisciplinaire","og_description":"D\u2019artiste autodidacte \u00e0 la reconnaissance internationale, d\u00e9couvrez comment Emmanuel a transform\u00e9 ses r\u00eaves en r\u00e9alit\u00e9 gr\u00e2ce \u00e0 l\u2019accompagnement de YES.","og_url":"https:\/\/yesmontreal.ca\/fr\/30-visages-emmanuel-laflamme\/","og_site_name":"YES Employment and Entrepreneurship","article_publisher":"https:\/\/www.facebook.com\/yes.montreal","article_published_time":"2025-11-07T20:06:33+00:00","og_image":[{"width":716,"height":522,"url":"https:\/\/yesmontreal.ca\/wp-content\/uploads\/Emmanuel-Laflamme-Artist.png","type":"image\/png"}],"author":"YES","twitter_card":"summary_large_image","twitter_creator":"@YESMontreal","twitter_site":"@YESMontreal","twitter_misc":{"\u00c9crit par":"YES","Dur\u00e9e de lecture estim\u00e9e":"5 minutes"},"schema":{"@context":"https:\/\/schema.org","@graph":[{"@type":"Article","@id":"https:\/\/yesmontreal.ca\/fr\/30-visages-emmanuel-laflamme\/#article","isPartOf":{"@id":"https:\/\/yesmontreal.ca\/fr\/30-visages-emmanuel-laflamme\/"},"author":{"name":"YES","@id":"https:\/\/yesmontreal.ca\/#\/schema\/person\/643f91dea1f8d4b0c8f9a46db64ca919"},"headline":"Visage en vedette : Emmanuel Laflamme","datePublished":"2025-11-07T20:06:33+00:00","mainEntityOfPage":{"@id":"https:\/\/yesmontreal.ca\/fr\/30-visages-emmanuel-laflamme\/"},"wordCount":957,"publisher":{"@id":"https:\/\/yesmontreal.ca\/#organization"},"image":{"@id":"https:\/\/yesmontreal.ca\/fr\/30-visages-emmanuel-laflamme\/#primaryimage"},"thumbnailUrl":"https:\/\/yesmontreal.ca\/wp-content\/uploads\/Emmanuel-Laflamme-Artist.png","keywords":["30 faces of yes","artiste","Histoire d'une r\u00e9ussite"],"articleSection":["30 visages de YES","Artistes"],"inLanguage":"fr-FR"},{"@type":"WebPage","@id":"https:\/\/yesmontreal.ca\/fr\/30-visages-emmanuel-laflamme\/","url":"https:\/\/yesmontreal.ca\/fr\/30-visages-emmanuel-laflamme\/","name":"Emmanuel Laflamme : 30 Visages de YES | Artiste multidisciplinaire","isPartOf":{"@id":"https:\/\/yesmontreal.ca\/#website"},"primaryImageOfPage":{"@id":"https:\/\/yesmontreal.ca\/fr\/30-visages-emmanuel-laflamme\/#primaryimage"},"image":{"@id":"https:\/\/yesmontreal.ca\/fr\/30-visages-emmanuel-laflamme\/#primaryimage"},"thumbnailUrl":"https:\/\/yesmontreal.ca\/wp-content\/uploads\/Emmanuel-Laflamme-Artist.png","datePublished":"2025-11-07T20:06:33+00:00","description":"D\u2019artiste autodidacte \u00e0 la reconnaissance internationale, d\u00e9couvrez comment Emmanuel a transform\u00e9 ses r\u00eaves en r\u00e9alit\u00e9 gr\u00e2ce \u00e0 l\u2019accompagnement de YES.","breadcrumb":{"@id":"https:\/\/yesmontreal.ca\/fr\/30-visages-emmanuel-laflamme\/#breadcrumb"},"inLanguage":"fr-FR","potentialAction":[{"@type":"ReadAction","target":["https:\/\/yesmontreal.ca\/fr\/30-visages-emmanuel-laflamme\/"]}]},{"@type":"ImageObject","inLanguage":"fr-FR","@id":"https:\/\/yesmontreal.ca\/fr\/30-visages-emmanuel-laflamme\/#primaryimage","url":"https:\/\/yesmontreal.ca\/wp-content\/uploads\/Emmanuel-Laflamme-Artist.png","contentUrl":"https:\/\/yesmontreal.ca\/wp-content\/uploads\/Emmanuel-Laflamme-Artist.png","width":716,"height":522},{"@type":"BreadcrumbList","@id":"https:\/\/yesmontreal.ca\/fr\/30-visages-emmanuel-laflamme\/#breadcrumb","itemListElement":[{"@type":"ListItem","position":1,"name":"Home","item":"https:\/\/yesmontreal.ca\/fr\/"},{"@type":"ListItem","position":2,"name":"Visage en vedette : Emmanuel Laflamme"}]},{"@type":"WebSite","@id":"https:\/\/yesmontreal.ca\/#website","url":"https:\/\/yesmontreal.ca\/","name":"YES Employment and Entrepreneurship","description":"Free Employment and Entrepreneurship services in Quebec","publisher":{"@id":"https:\/\/yesmontreal.ca\/#organization"},"potentialAction":[{"@type":"SearchAction","target":{"@type":"EntryPoint","urlTemplate":"https:\/\/yesmontreal.ca\/?s={search_term_string}"},"query-input":{"@type":"PropertyValueSpecification","valueRequired":true,"valueName":"search_term_string"}}],"inLanguage":"fr-FR"},{"@type":"Organization","@id":"https:\/\/yesmontreal.ca\/#organization","name":"YES Employment + Entrepreneurship","alternateName":"YES Montreal","url":"https:\/\/yesmontreal.ca\/","logo":{"@type":"ImageObject","inLanguage":"fr-FR","@id":"https:\/\/yesmontreal.ca\/#\/schema\/logo\/image\/","url":"https:\/\/yesmontreal.ca\/wp-content\/uploads\/Screen-Shot-2021-03-04-at-2.59.30-PM.png","contentUrl":"https:\/\/yesmontreal.ca\/wp-content\/uploads\/Screen-Shot-2021-03-04-at-2.59.30-PM.png","width":636,"height":308,"caption":"YES Employment + Entrepreneurship"},"image":{"@id":"https:\/\/yesmontreal.ca\/#\/schema\/logo\/image\/"},"sameAs":["https:\/\/www.facebook.com\/yes.montreal","https:\/\/x.com\/YESMontreal","https:\/\/www.instagram.com\/yesmontreal\/","http:\/\/ca.linkedin.com\/in\/yesmontreal","https:\/\/www.youtube.com\/user\/YESMontreal"]},{"@type":"Person","@id":"https:\/\/yesmontreal.ca\/#\/schema\/person\/643f91dea1f8d4b0c8f9a46db64ca919","name":"YES","image":{"@type":"ImageObject","inLanguage":"fr-FR","@id":"https:\/\/secure.gravatar.com\/avatar\/9d0103ec9079a23538b5e0aea4a45dfeb35bf7c185c069d9def3906b8a9eb9c4?s=96&d=mm&r=g","url":"https:\/\/secure.gravatar.com\/avatar\/9d0103ec9079a23538b5e0aea4a45dfeb35bf7c185c069d9def3906b8a9eb9c4?s=96&d=mm&r=g","contentUrl":"https:\/\/secure.gravatar.com\/avatar\/9d0103ec9079a23538b5e0aea4a45dfeb35bf7c185c069d9def3906b8a9eb9c4?s=96&d=mm&r=g","caption":"YES"},"url":"https:\/\/yesmontreal.ca\/fr\/author\/yes\/"}]}},"_links":{"self":[{"href":"https:\/\/yesmontreal.ca\/fr\/wp-json\/wp\/v2\/posts\/90374","targetHints":{"allow":["GET"]}}],"collection":[{"href":"https:\/\/yesmontreal.ca\/fr\/wp-json\/wp\/v2\/posts"}],"about":[{"href":"https:\/\/yesmontreal.ca\/fr\/wp-json\/wp\/v2\/types\/post"}],"author":[{"embeddable":true,"href":"https:\/\/yesmontreal.ca\/fr\/wp-json\/wp\/v2\/users\/10"}],"replies":[{"embeddable":true,"href":"https:\/\/yesmontreal.ca\/fr\/wp-json\/wp\/v2\/comments?post=90374"}],"version-history":[{"count":0,"href":"https:\/\/yesmontreal.ca\/fr\/wp-json\/wp\/v2\/posts\/90374\/revisions"}],"wp:featuredmedia":[{"embeddable":true,"href":"https:\/\/yesmontreal.ca\/fr\/wp-json\/wp\/v2\/media\/90371"}],"wp:attachment":[{"href":"https:\/\/yesmontreal.ca\/fr\/wp-json\/wp\/v2\/media?parent=90374"}],"wp:term":[{"taxonomy":"category","embeddable":true,"href":"https:\/\/yesmontreal.ca\/fr\/wp-json\/wp\/v2\/categories?post=90374"},{"taxonomy":"post_tag","embeddable":true,"href":"https:\/\/yesmontreal.ca\/fr\/wp-json\/wp\/v2\/tags?post=90374"}],"curies":[{"name":"wp","href":"https:\/\/api.w.org\/{rel}","templated":true}]}}