{"id":89598,"date":"2025-10-02T10:14:36","date_gmt":"2025-10-02T14:14:36","guid":{"rendered":"https:\/\/yesmontreal.ca\/30-faces-itai-azerad\/"},"modified":"2025-10-02T11:30:18","modified_gmt":"2025-10-02T15:30:18","slug":"30-visages-itai-azerad","status":"publish","type":"post","link":"https:\/\/yesmontreal.ca\/fr\/30-visages-itai-azerad\/","title":{"rendered":"Visage en vedette : Itai Azerad"},"content":{"rendered":"<h1>D\u00e9couvrez Itai Azerad : l\u2019un de nos 30 visages de YES<\/h1>\n<p>Quand Itai a lanc\u00e9 son entreprise d\u2019audio HiFi, il savait que la route serait exigeante. La fabrication comportait son lot d\u2019obstacles quotidiens \u2014 d\u00e9lais serr\u00e9s, probl\u00e8mes de production complexes et pression de livrer un produit impeccable. Dans ces premiers jours, il s\u2019est tourn\u00e9 vers YES pour obtenir des conseils pratiques et une oreille attentive qui l\u2019aideraient \u00e0 garder une vision d\u2019ensemble.<\/p>\n<p>En travaillant en t\u00eate-\u00e0-t\u00eate avec un coach d\u2019affaires de YES, Itai a trouv\u00e9 plus que des strat\u00e9gies et des ressources \u2014 il a trouv\u00e9 un espace o\u00f9 parler ouvertement de ses d\u00e9fis sans jugement et c\u00e9l\u00e9brer les victoires qui l\u2019encourageaient \u00e0 avancer. Ce soutien constant a port\u00e9 fruit.<\/p>\n<p>Aujourd\u2019hui, ses amplificateurs r\u00e9coltent des critiques \u00e9logieuses et figurent sur les palmar\u00e8s des meilleurs produits de l\u2019ann\u00e9e, tandis que des clients fid\u00e8les partout dans le monde confirment ce qu\u2019il voulait prouver : un son exceptionnel, con\u00e7u avec expertise, parle de lui-m\u00eame.<\/p>\n<h2>Entrevue avec Itai<\/h2>\n<p>&nbsp;<\/p>\n<h5>Qu\u2019est-ce qui vous a amen\u00e9 \u00e0 YES et qu\u2019esp\u00e9riez-vous accomplir \u00e0 ce moment-l\u00e0 ?<\/h5>\n<p>Je voulais des conseils pour d\u00e9marrer et g\u00e9rer mon entreprise.<\/p>\n<h5>Pouvez-vous me parler de certains des d\u00e9fis ou objectifs auxquels vous faisiez face lorsque vous avez contact\u00e9 YES pour la premi\u00e8re fois ? Y a-t-il eu un moment ou un obstacle particuli\u00e8rement marquant ?<\/h5>\n<p>\u00c9tant dans le secteur manufacturier, j\u2019avais des d\u00e9fis concrets au quotidien. C\u2019\u00e9tait tr\u00e8s difficile. J\u2019avais besoin d\u2019une oreille attentive et d\u2019une perspective globale sur les difficult\u00e9s que je rencontrais.<\/p>\n<h5>Comment YES vous a-t-il soutenu dans le d\u00e9passement de ces d\u00e9fis ou dans votre avancement professionnel, entrepreneurial ou artistique ?<\/h5>\n<p>Mon coach d\u2019affaires, Robert, m\u2019a offert une oreille attentive et m\u2019a sugg\u00e9r\u00e9 des ressources utiles ainsi que des contacts exp\u00e9riment\u00e9s.<\/p>\n<h5>Y a-t-il eu des outils, ateliers ou apprentissages de YES qui ont eu un impact durable ?<\/h5>\n<p>La possibilit\u00e9 de discuter ouvertement de mes d\u00e9fis. Avoir cet espace pour exprimer mes obstacles sans jugement, combin\u00e9 \u00e0 la discipline de reconna\u00eetre ce qui fonctionnait bien, m\u2019a donn\u00e9 une perspective \u00e9quilibr\u00e9e. Cela m\u2019a aid\u00e9 \u00e0 voir que les luttes et les victoires ne sont pas des exp\u00e9riences s\u00e9par\u00e9es. Ce qui compte, c\u2019est de se pr\u00e9senter chaque jour et, esp\u00e9rons-le, de continuer \u00e0 avancer.<\/p>\n<div id=\"attachment_89469\" style=\"width: 986px\" class=\"wp-caption alignnone\"><img decoding=\"async\" aria-describedby=\"caption-attachment-89469\" class=\"wp-image-89469\" src=\"https:\/\/yesmontreal.ca\/wp-content\/uploads\/heaven-11-audio.png\" alt=\"\" width=\"976\" height=\"617\" \/><p id=\"caption-attachment-89469\" class=\"wp-caption-text\">L\u2019amplificateur Billie de Heaven 11 Audio<\/p><\/div>\n<h5>O\u00f9 en \u00eates-vous aujourd\u2019hui dans votre parcours et de quels accomplissements ou jalons \u00eates-vous le plus fier ?<\/h5>\n<p>Nous sommes peut-\u00eatre nouveaux dans l\u2019industrie HiFi, mais nous avons gagn\u00e9 une reconnaissance qui d\u00e9passe largement nos ann\u00e9es sur le march\u00e9. Nos produits surpassent constamment les attentes et re\u00e7oivent les \u00e9loges de tous les principaux critiques du domaine. Nos amplificateurs figurent d\u00e9sormais sur les prestigieuses listes de fin d\u2019ann\u00e9e des \u201cmeilleurs produits\u201d, nous \u00e9tablissant comme une marque incontournable malgr\u00e9 notre entr\u00e9e r\u00e9cente dans ce secteur comp\u00e9titif. Mais ce qui valide vraiment notre travail, ce sont les innombrables courriels que je re\u00e7ois de clients enthousiastes : des passionn\u00e9s de musique qui comprennent ce qu\u2019un grand son signifie et qui partagent leur excitation \u00e0 propos de ce que nous avons cr\u00e9\u00e9.<\/p>\n<h5>En r\u00e9trospective, y a-t-il un moment ou un succ\u00e8s qui se d\u00e9marque comme un tournant ?<\/h5>\n<p>Honorer chaque engagement pris sur Kickstarter a \u00e9t\u00e9 mon moment d\u00e9cisif. Apr\u00e8s deux ann\u00e9es intenses de recherche et d\u00e9veloppement \u2014 faisant face \u00e0 d\u2019innombrables obstacles mais refusant d\u2019abandonner \u2014 j\u2019ai respect\u00e9 toutes les promesses faites \u00e0 mes bailleurs de fonds. Cet accomplissement a prouv\u00e9 que je pouvais concr\u00e9tiser ma vision et a \u00e9tabli la base de confiance sur laquelle tout le reste s\u2019est construit.<\/p>\n<h5>\u00c0 quel stade de votre carri\u00e8re, de votre entreprise ou de votre parcours artistique \u00e9tiez-vous lorsque vous avez contact\u00e9 YES ?<\/h5>\n<p>Aux premi\u00e8res \u00e9tapes. Fabrication et mise en place de mon portail d\u2019affaires.<\/p>\n<hr \/>\n<h5><em><span style=\"text-decoration: underline;\"><a href=\"https:\/\/heaven11audio.com\/\" target=\"_blank\" rel=\"noopener\">\u2794 D\u00e9couvrez l\u2019entreprise d\u2019Itai, Heaven 11 Audio !<\/a><\/span><\/em><\/h5>\n<p>&nbsp;<\/p>\n<h4><span style=\"text-decoration: underline;\"><a href=\"https:\/\/yesmontreal.ca\/fr\/entrepreneuriat\/calendrier-2\/\" target=\"_blank\" rel=\"noopener\">D\u00e9couvrez nos prochains ateliers pour entrepreneurs<\/a><\/span><\/h4>\n<p>&nbsp;<\/p>\n<h4>Retour \u00e0 la page des 30 visages de YES :<\/h4>\n<p><a href=\"https:\/\/yesmontreal.ca\/fr\/les-30-visages-de-yes\/\"><img decoding=\"async\" class=\"alignnone wp-image-89590 size-medium\" src=\"https:\/\/yesmontreal.ca\/wp-content\/uploads\/\/30FacesOfYES-Logo-French-300x119.jpg\" alt=\"\" width=\"300\" height=\"119\" \/><\/a><\/p>\n","protected":false},"excerpt":{"rendered":"<p>YES alimente chaque jour des innovations audacieuses, comme celle d\u2019Itai. D\u00e9couvrez son parcours avec YES et son succ\u00e8s dans l\u2019industrie HiFi.<\/p>\n","protected":false},"author":10,"featured_media":89467,"comment_status":"closed","ping_status":"closed","sticky":false,"template":"","format":"standard","meta":{"_et_pb_use_builder":"","_et_pb_old_content":"","_et_gb_content_width":"","_crdt_document":"","footnotes":""},"categories":[1008],"tags":[1021,509,359],"class_list":["post-89598","post","type-post","status-publish","format-standard","has-post-thumbnail","hentry","category-30-visages-de-yes","tag-30-faces-of-yes-fr","tag-entrepreneur-fr","tag-histoire-dune-reussite"],"yoast_head":"<!-- This site is optimized with the Yoast SEO plugin v27.4 - https:\/\/yoast.com\/product\/yoast-seo-wordpress\/ -->\n<title>Itai Azerad : 30 visages de YES | Entrepreneur<\/title>\n<meta name=\"description\" content=\"YES alimente chaque jour des innovations audacieuses, comme celle d\u2019Itai. D\u00e9couvrez son parcours avec YES et son succ\u00e8s dans l\u2019industrie HiFi.\" \/>\n<meta name=\"robots\" content=\"index, follow, max-snippet:-1, max-image-preview:large, max-video-preview:-1\" \/>\n<link rel=\"canonical\" href=\"https:\/\/yesmontreal.ca\/fr\/30-visages-itai-azerad\/\" \/>\n<meta property=\"og:locale\" content=\"fr_FR\" \/>\n<meta property=\"og:type\" content=\"article\" \/>\n<meta property=\"og:title\" content=\"Itai Azerad : 30 visages de YES | Entrepreneur\" \/>\n<meta property=\"og:description\" content=\"YES alimente chaque jour des innovations audacieuses, comme celle d\u2019Itai. D\u00e9couvrez son parcours avec YES et son succ\u00e8s dans l\u2019industrie HiFi.\" \/>\n<meta property=\"og:url\" content=\"https:\/\/yesmontreal.ca\/fr\/30-visages-itai-azerad\/\" \/>\n<meta property=\"og:site_name\" content=\"YES Employment and Entrepreneurship\" \/>\n<meta property=\"article:publisher\" content=\"https:\/\/www.facebook.com\/yes.montreal\" \/>\n<meta property=\"article:published_time\" content=\"2025-10-02T14:14:36+00:00\" \/>\n<meta property=\"article:modified_time\" content=\"2025-10-02T15:30:18+00:00\" \/>\n<meta property=\"og:image\" content=\"https:\/\/yesmontreal.ca\/wp-content\/uploads\/Itai-Azerad-Entrepreneur.png\" \/>\n\t<meta property=\"og:image:width\" content=\"716\" \/>\n\t<meta property=\"og:image:height\" content=\"522\" \/>\n\t<meta property=\"og:image:type\" content=\"image\/png\" \/>\n<meta name=\"author\" content=\"YES\" \/>\n<meta name=\"twitter:card\" content=\"summary_large_image\" \/>\n<meta name=\"twitter:creator\" content=\"@YESMontreal\" \/>\n<meta name=\"twitter:site\" content=\"@YESMontreal\" \/>\n<meta name=\"twitter:label1\" content=\"\u00c9crit par\" \/>\n\t<meta name=\"twitter:data1\" content=\"YES\" \/>\n\t<meta name=\"twitter:label2\" content=\"Dur\u00e9e de lecture estim\u00e9e\" \/>\n\t<meta name=\"twitter:data2\" content=\"4 minutes\" \/>\n<script type=\"application\/ld+json\" class=\"yoast-schema-graph\">{\"@context\":\"https:\\\/\\\/schema.org\",\"@graph\":[{\"@type\":\"Article\",\"@id\":\"https:\\\/\\\/yesmontreal.ca\\\/fr\\\/30-visages-itai-azerad\\\/#article\",\"isPartOf\":{\"@id\":\"https:\\\/\\\/yesmontreal.ca\\\/fr\\\/30-visages-itai-azerad\\\/\"},\"author\":{\"name\":\"YES\",\"@id\":\"https:\\\/\\\/yesmontreal.ca\\\/#\\\/schema\\\/person\\\/643f91dea1f8d4b0c8f9a46db64ca919\"},\"headline\":\"Visage en vedette : Itai Azerad\",\"datePublished\":\"2025-10-02T14:14:36+00:00\",\"dateModified\":\"2025-10-02T15:30:18+00:00\",\"mainEntityOfPage\":{\"@id\":\"https:\\\/\\\/yesmontreal.ca\\\/fr\\\/30-visages-itai-azerad\\\/\"},\"wordCount\":721,\"publisher\":{\"@id\":\"https:\\\/\\\/yesmontreal.ca\\\/#organization\"},\"image\":{\"@id\":\"https:\\\/\\\/yesmontreal.ca\\\/fr\\\/30-visages-itai-azerad\\\/#primaryimage\"},\"thumbnailUrl\":\"https:\\\/\\\/yesmontreal.ca\\\/wp-content\\\/uploads\\\/Itai-Azerad-Entrepreneur.png\",\"keywords\":[\"30 faces of yes\",\"entrepreneur\",\"Histoire d'une r\u00e9ussite\"],\"articleSection\":[\"30 visages de YES\"],\"inLanguage\":\"fr-FR\"},{\"@type\":\"WebPage\",\"@id\":\"https:\\\/\\\/yesmontreal.ca\\\/fr\\\/30-visages-itai-azerad\\\/\",\"url\":\"https:\\\/\\\/yesmontreal.ca\\\/fr\\\/30-visages-itai-azerad\\\/\",\"name\":\"Itai Azerad : 30 visages de YES | Entrepreneur\",\"isPartOf\":{\"@id\":\"https:\\\/\\\/yesmontreal.ca\\\/#website\"},\"primaryImageOfPage\":{\"@id\":\"https:\\\/\\\/yesmontreal.ca\\\/fr\\\/30-visages-itai-azerad\\\/#primaryimage\"},\"image\":{\"@id\":\"https:\\\/\\\/yesmontreal.ca\\\/fr\\\/30-visages-itai-azerad\\\/#primaryimage\"},\"thumbnailUrl\":\"https:\\\/\\\/yesmontreal.ca\\\/wp-content\\\/uploads\\\/Itai-Azerad-Entrepreneur.png\",\"datePublished\":\"2025-10-02T14:14:36+00:00\",\"dateModified\":\"2025-10-02T15:30:18+00:00\",\"description\":\"YES alimente chaque jour des innovations audacieuses, comme celle d\u2019Itai. D\u00e9couvrez son parcours avec YES et son succ\u00e8s dans l\u2019industrie HiFi.\",\"breadcrumb\":{\"@id\":\"https:\\\/\\\/yesmontreal.ca\\\/fr\\\/30-visages-itai-azerad\\\/#breadcrumb\"},\"inLanguage\":\"fr-FR\",\"potentialAction\":[{\"@type\":\"ReadAction\",\"target\":[\"https:\\\/\\\/yesmontreal.ca\\\/fr\\\/30-visages-itai-azerad\\\/\"]}]},{\"@type\":\"ImageObject\",\"inLanguage\":\"fr-FR\",\"@id\":\"https:\\\/\\\/yesmontreal.ca\\\/fr\\\/30-visages-itai-azerad\\\/#primaryimage\",\"url\":\"https:\\\/\\\/yesmontreal.ca\\\/wp-content\\\/uploads\\\/Itai-Azerad-Entrepreneur.png\",\"contentUrl\":\"https:\\\/\\\/yesmontreal.ca\\\/wp-content\\\/uploads\\\/Itai-Azerad-Entrepreneur.png\",\"width\":716,\"height\":522},{\"@type\":\"BreadcrumbList\",\"@id\":\"https:\\\/\\\/yesmontreal.ca\\\/fr\\\/30-visages-itai-azerad\\\/#breadcrumb\",\"itemListElement\":[{\"@type\":\"ListItem\",\"position\":1,\"name\":\"Home\",\"item\":\"https:\\\/\\\/yesmontreal.ca\\\/fr\\\/\"},{\"@type\":\"ListItem\",\"position\":2,\"name\":\"Visage en vedette : Itai Azerad\"}]},{\"@type\":\"WebSite\",\"@id\":\"https:\\\/\\\/yesmontreal.ca\\\/#website\",\"url\":\"https:\\\/\\\/yesmontreal.ca\\\/\",\"name\":\"YES Employment and Entrepreneurship\",\"description\":\"Free Employment and Entrepreneurship services in Quebec\",\"publisher\":{\"@id\":\"https:\\\/\\\/yesmontreal.ca\\\/#organization\"},\"potentialAction\":[{\"@type\":\"SearchAction\",\"target\":{\"@type\":\"EntryPoint\",\"urlTemplate\":\"https:\\\/\\\/yesmontreal.ca\\\/?s={search_term_string}\"},\"query-input\":{\"@type\":\"PropertyValueSpecification\",\"valueRequired\":true,\"valueName\":\"search_term_string\"}}],\"inLanguage\":\"fr-FR\"},{\"@type\":\"Organization\",\"@id\":\"https:\\\/\\\/yesmontreal.ca\\\/#organization\",\"name\":\"YES Employment + Entrepreneurship\",\"alternateName\":\"YES Montreal\",\"url\":\"https:\\\/\\\/yesmontreal.ca\\\/\",\"logo\":{\"@type\":\"ImageObject\",\"inLanguage\":\"fr-FR\",\"@id\":\"https:\\\/\\\/yesmontreal.ca\\\/#\\\/schema\\\/logo\\\/image\\\/\",\"url\":\"https:\\\/\\\/yesmontreal.ca\\\/wp-content\\\/uploads\\\/Screen-Shot-2021-03-04-at-2.59.30-PM.png\",\"contentUrl\":\"https:\\\/\\\/yesmontreal.ca\\\/wp-content\\\/uploads\\\/Screen-Shot-2021-03-04-at-2.59.30-PM.png\",\"width\":636,\"height\":308,\"caption\":\"YES Employment + Entrepreneurship\"},\"image\":{\"@id\":\"https:\\\/\\\/yesmontreal.ca\\\/#\\\/schema\\\/logo\\\/image\\\/\"},\"sameAs\":[\"https:\\\/\\\/www.facebook.com\\\/yes.montreal\",\"https:\\\/\\\/x.com\\\/YESMontreal\",\"https:\\\/\\\/www.instagram.com\\\/yesmontreal\\\/\",\"http:\\\/\\\/ca.linkedin.com\\\/in\\\/yesmontreal\",\"https:\\\/\\\/www.youtube.com\\\/user\\\/YESMontreal\"]},{\"@type\":\"Person\",\"@id\":\"https:\\\/\\\/yesmontreal.ca\\\/#\\\/schema\\\/person\\\/643f91dea1f8d4b0c8f9a46db64ca919\",\"name\":\"YES\",\"image\":{\"@type\":\"ImageObject\",\"inLanguage\":\"fr-FR\",\"@id\":\"https:\\\/\\\/secure.gravatar.com\\\/avatar\\\/9d0103ec9079a23538b5e0aea4a45dfeb35bf7c185c069d9def3906b8a9eb9c4?s=96&d=mm&r=g\",\"url\":\"https:\\\/\\\/secure.gravatar.com\\\/avatar\\\/9d0103ec9079a23538b5e0aea4a45dfeb35bf7c185c069d9def3906b8a9eb9c4?s=96&d=mm&r=g\",\"contentUrl\":\"https:\\\/\\\/secure.gravatar.com\\\/avatar\\\/9d0103ec9079a23538b5e0aea4a45dfeb35bf7c185c069d9def3906b8a9eb9c4?s=96&d=mm&r=g\",\"caption\":\"YES\"},\"url\":\"https:\\\/\\\/yesmontreal.ca\\\/fr\\\/author\\\/yes\\\/\"}]}<\/script>\n<!-- \/ Yoast SEO plugin. -->","yoast_head_json":{"title":"Itai Azerad : 30 visages de YES | Entrepreneur","description":"YES alimente chaque jour des innovations audacieuses, comme celle d\u2019Itai. D\u00e9couvrez son parcours avec YES et son succ\u00e8s dans l\u2019industrie HiFi.","robots":{"index":"index","follow":"follow","max-snippet":"max-snippet:-1","max-image-preview":"max-image-preview:large","max-video-preview":"max-video-preview:-1"},"canonical":"https:\/\/yesmontreal.ca\/fr\/30-visages-itai-azerad\/","og_locale":"fr_FR","og_type":"article","og_title":"Itai Azerad : 30 visages de YES | Entrepreneur","og_description":"YES alimente chaque jour des innovations audacieuses, comme celle d\u2019Itai. D\u00e9couvrez son parcours avec YES et son succ\u00e8s dans l\u2019industrie HiFi.","og_url":"https:\/\/yesmontreal.ca\/fr\/30-visages-itai-azerad\/","og_site_name":"YES Employment and Entrepreneurship","article_publisher":"https:\/\/www.facebook.com\/yes.montreal","article_published_time":"2025-10-02T14:14:36+00:00","article_modified_time":"2025-10-02T15:30:18+00:00","og_image":[{"width":716,"height":522,"url":"https:\/\/yesmontreal.ca\/wp-content\/uploads\/Itai-Azerad-Entrepreneur.png","type":"image\/png"}],"author":"YES","twitter_card":"summary_large_image","twitter_creator":"@YESMontreal","twitter_site":"@YESMontreal","twitter_misc":{"\u00c9crit par":"YES","Dur\u00e9e de lecture estim\u00e9e":"4 minutes"},"schema":{"@context":"https:\/\/schema.org","@graph":[{"@type":"Article","@id":"https:\/\/yesmontreal.ca\/fr\/30-visages-itai-azerad\/#article","isPartOf":{"@id":"https:\/\/yesmontreal.ca\/fr\/30-visages-itai-azerad\/"},"author":{"name":"YES","@id":"https:\/\/yesmontreal.ca\/#\/schema\/person\/643f91dea1f8d4b0c8f9a46db64ca919"},"headline":"Visage en vedette : Itai Azerad","datePublished":"2025-10-02T14:14:36+00:00","dateModified":"2025-10-02T15:30:18+00:00","mainEntityOfPage":{"@id":"https:\/\/yesmontreal.ca\/fr\/30-visages-itai-azerad\/"},"wordCount":721,"publisher":{"@id":"https:\/\/yesmontreal.ca\/#organization"},"image":{"@id":"https:\/\/yesmontreal.ca\/fr\/30-visages-itai-azerad\/#primaryimage"},"thumbnailUrl":"https:\/\/yesmontreal.ca\/wp-content\/uploads\/Itai-Azerad-Entrepreneur.png","keywords":["30 faces of yes","entrepreneur","Histoire d'une r\u00e9ussite"],"articleSection":["30 visages de YES"],"inLanguage":"fr-FR"},{"@type":"WebPage","@id":"https:\/\/yesmontreal.ca\/fr\/30-visages-itai-azerad\/","url":"https:\/\/yesmontreal.ca\/fr\/30-visages-itai-azerad\/","name":"Itai Azerad : 30 visages de YES | Entrepreneur","isPartOf":{"@id":"https:\/\/yesmontreal.ca\/#website"},"primaryImageOfPage":{"@id":"https:\/\/yesmontreal.ca\/fr\/30-visages-itai-azerad\/#primaryimage"},"image":{"@id":"https:\/\/yesmontreal.ca\/fr\/30-visages-itai-azerad\/#primaryimage"},"thumbnailUrl":"https:\/\/yesmontreal.ca\/wp-content\/uploads\/Itai-Azerad-Entrepreneur.png","datePublished":"2025-10-02T14:14:36+00:00","dateModified":"2025-10-02T15:30:18+00:00","description":"YES alimente chaque jour des innovations audacieuses, comme celle d\u2019Itai. D\u00e9couvrez son parcours avec YES et son succ\u00e8s dans l\u2019industrie HiFi.","breadcrumb":{"@id":"https:\/\/yesmontreal.ca\/fr\/30-visages-itai-azerad\/#breadcrumb"},"inLanguage":"fr-FR","potentialAction":[{"@type":"ReadAction","target":["https:\/\/yesmontreal.ca\/fr\/30-visages-itai-azerad\/"]}]},{"@type":"ImageObject","inLanguage":"fr-FR","@id":"https:\/\/yesmontreal.ca\/fr\/30-visages-itai-azerad\/#primaryimage","url":"https:\/\/yesmontreal.ca\/wp-content\/uploads\/Itai-Azerad-Entrepreneur.png","contentUrl":"https:\/\/yesmontreal.ca\/wp-content\/uploads\/Itai-Azerad-Entrepreneur.png","width":716,"height":522},{"@type":"BreadcrumbList","@id":"https:\/\/yesmontreal.ca\/fr\/30-visages-itai-azerad\/#breadcrumb","itemListElement":[{"@type":"ListItem","position":1,"name":"Home","item":"https:\/\/yesmontreal.ca\/fr\/"},{"@type":"ListItem","position":2,"name":"Visage en vedette : Itai Azerad"}]},{"@type":"WebSite","@id":"https:\/\/yesmontreal.ca\/#website","url":"https:\/\/yesmontreal.ca\/","name":"YES Employment and Entrepreneurship","description":"Free Employment and Entrepreneurship services in Quebec","publisher":{"@id":"https:\/\/yesmontreal.ca\/#organization"},"potentialAction":[{"@type":"SearchAction","target":{"@type":"EntryPoint","urlTemplate":"https:\/\/yesmontreal.ca\/?s={search_term_string}"},"query-input":{"@type":"PropertyValueSpecification","valueRequired":true,"valueName":"search_term_string"}}],"inLanguage":"fr-FR"},{"@type":"Organization","@id":"https:\/\/yesmontreal.ca\/#organization","name":"YES Employment + Entrepreneurship","alternateName":"YES Montreal","url":"https:\/\/yesmontreal.ca\/","logo":{"@type":"ImageObject","inLanguage":"fr-FR","@id":"https:\/\/yesmontreal.ca\/#\/schema\/logo\/image\/","url":"https:\/\/yesmontreal.ca\/wp-content\/uploads\/Screen-Shot-2021-03-04-at-2.59.30-PM.png","contentUrl":"https:\/\/yesmontreal.ca\/wp-content\/uploads\/Screen-Shot-2021-03-04-at-2.59.30-PM.png","width":636,"height":308,"caption":"YES Employment + Entrepreneurship"},"image":{"@id":"https:\/\/yesmontreal.ca\/#\/schema\/logo\/image\/"},"sameAs":["https:\/\/www.facebook.com\/yes.montreal","https:\/\/x.com\/YESMontreal","https:\/\/www.instagram.com\/yesmontreal\/","http:\/\/ca.linkedin.com\/in\/yesmontreal","https:\/\/www.youtube.com\/user\/YESMontreal"]},{"@type":"Person","@id":"https:\/\/yesmontreal.ca\/#\/schema\/person\/643f91dea1f8d4b0c8f9a46db64ca919","name":"YES","image":{"@type":"ImageObject","inLanguage":"fr-FR","@id":"https:\/\/secure.gravatar.com\/avatar\/9d0103ec9079a23538b5e0aea4a45dfeb35bf7c185c069d9def3906b8a9eb9c4?s=96&d=mm&r=g","url":"https:\/\/secure.gravatar.com\/avatar\/9d0103ec9079a23538b5e0aea4a45dfeb35bf7c185c069d9def3906b8a9eb9c4?s=96&d=mm&r=g","contentUrl":"https:\/\/secure.gravatar.com\/avatar\/9d0103ec9079a23538b5e0aea4a45dfeb35bf7c185c069d9def3906b8a9eb9c4?s=96&d=mm&r=g","caption":"YES"},"url":"https:\/\/yesmontreal.ca\/fr\/author\/yes\/"}]}},"_links":{"self":[{"href":"https:\/\/yesmontreal.ca\/fr\/wp-json\/wp\/v2\/posts\/89598","targetHints":{"allow":["GET"]}}],"collection":[{"href":"https:\/\/yesmontreal.ca\/fr\/wp-json\/wp\/v2\/posts"}],"about":[{"href":"https:\/\/yesmontreal.ca\/fr\/wp-json\/wp\/v2\/types\/post"}],"author":[{"embeddable":true,"href":"https:\/\/yesmontreal.ca\/fr\/wp-json\/wp\/v2\/users\/10"}],"replies":[{"embeddable":true,"href":"https:\/\/yesmontreal.ca\/fr\/wp-json\/wp\/v2\/comments?post=89598"}],"version-history":[{"count":0,"href":"https:\/\/yesmontreal.ca\/fr\/wp-json\/wp\/v2\/posts\/89598\/revisions"}],"wp:featuredmedia":[{"embeddable":true,"href":"https:\/\/yesmontreal.ca\/fr\/wp-json\/wp\/v2\/media\/89467"}],"wp:attachment":[{"href":"https:\/\/yesmontreal.ca\/fr\/wp-json\/wp\/v2\/media?parent=89598"}],"wp:term":[{"taxonomy":"category","embeddable":true,"href":"https:\/\/yesmontreal.ca\/fr\/wp-json\/wp\/v2\/categories?post=89598"},{"taxonomy":"post_tag","embeddable":true,"href":"https:\/\/yesmontreal.ca\/fr\/wp-json\/wp\/v2\/tags?post=89598"}],"curies":[{"name":"wp","href":"https:\/\/api.w.org\/{rel}","templated":true}]}}