{"id":86398,"global_id":"yesmontreal.ca\/fr\/?id=86398","global_id_lineage":["yesmontreal.ca\/fr\/?id=86398"],"author":"10","status":"publish","date":"2022-05-05 13:15:09","date_utc":"2022-05-05 17:15:09","modified":"2025-08-20 14:04:37","modified_utc":"2025-08-20 18:04:37","url":"https:\/\/yesmontreal.ca\/fr\/event\/francais-pour-le-travail\/2025-04-02\/","rest_url":"https:\/\/yesmontreal.ca\/fr\/wp-json\/tribe\/events\/v1\/events\/86398","title":"French for the Workforce","description":"<h1><strong>Am\u00e9liorez votre fran\u00e7ais pour le travail \u2013 Inscrivez-vous \u00e0 notre cours en ligne d\u00e8s aujourd\u2019hui<\/strong><\/h1>\n<p>Pr\u00eat\u00b7e \u00e0 perfectionner votre fran\u00e7ais pour le travail et acqu\u00e9rir les comp\u00e9tences linguistiques n\u00e9cessaires pour r\u00e9ussir dans un environnement bilingue ? Que vous souhaitiez am\u00e9liorer votre lecture, votre \u00e9criture, votre expression orale ou votre compr\u00e9hension, ce programme immersif vous aidera \u00e0 renforcer votre confiance et votre professionnalisme en fran\u00e7ais.<\/p>\n<h2><strong>Pourquoi participer \u00e0 ce programme ?<\/strong><\/h2>\n<p>Con\u00e7u pour les apprenant\u00b7e\u00b7s <strong>de niveau d\u00e9butant avanc\u00e9 et interm\u00e9diaire<\/strong>, notre programme <strong>\u00ab French for the Workforce \u00bb<\/strong> va bien au-del\u00e0 de la grammaire et du vocabulaire \u2014 il mise sur des comp\u00e9tences pratiques et concr\u00e8tes.<\/p>\n<p>Que vous d\u00e9butiez sur le march\u00e9 du travail ou que vous souhaitiez faire progresser votre carri\u00e8re, ce cours est con\u00e7u pour vous aider \u00e0 communiquer clairement et efficacement en fran\u00e7ais.<\/p>\n<h2><strong>Sessions \u00e0 venir<\/strong><\/h2>\n<h3><strong>Niveau d\u00e9butant avanc\u00e9<\/strong><\/h3>\n<p>\ud83d\udcc5 Du 17 septembre au 10 octobre 2025<br \/>\n\ud83d\udd58 Les mercredis et vendredis, de 9h30 \u00e0 12h30<br \/>\n\ud83d\udcbb En ligne via Zoom<br \/>\n\ud83d\udcb0 105 $ (10 sessions)<\/p>\n<p>Vous souhaitez am\u00e9liorer vos comp\u00e9tences en communication fran\u00e7aise pour le milieu professionnel ?<\/p>\n<p>Qu\u2019il s\u2019agisse de lecture, d\u2019\u00e9criture, d\u2019expression orale ou de compr\u00e9hension, notre programme <strong>\u00ab French for the Workforce \u00bb<\/strong>\u00a0est con\u00e7u pour vous aider \u00e0 r\u00e9ussir dans un contexte professionnel.<\/p>\n<p>Dans ce cours virtuel interactif de quatre semaines, vous allez :<\/p>\n<ul>\n<li>\u2705 Enrichir votre vocabulaire et vos connaissances en grammaire<\/li>\n<li>\u2705 Pratiquer des simulations d\u2019entrevue et apprendre \u00e0 r\u00e9pondre \u00e0 \u00ab Parlez-moi de vous \u00bb avec aisance<\/li>\n<li>\u2705 Am\u00e9liorer la r\u00e9daction de votre CV et vos courriels professionnels<\/li>\n<li>\u2705 Acqu\u00e9rir de l\u2019exp\u00e9rience concr\u00e8te en r\u00e9unions et entrevues de travail<\/li>\n<\/ul>\n<h3><strong>Niveau interm\u00e9diaire<\/strong><\/h3>\n<p>\ud83d\udcc5 Du 5 novembre \u00e0 d\u00e9cembre 2025<br \/>\n\ud83d\udd58 Les mercredis et vendredis, de 9h30 \u00e0 12h30<br \/>\n\ud83d\udcbb En ligne via Zoom<br \/>\n\ud83d\udcb0 125 $ (10 sessions)<\/p>\n<p>Vous souhaitez \u00eatre plus \u00e0 l\u2019aise pour communiquer en fran\u00e7ais au travail ?<\/p>\n<p>Que vous \u00e9criviez des courriels professionnels, participiez \u00e0 des r\u00e9unions ou r\u00e9digiez une lettre de motivation, notre programme <strong>\u00ab French for the Workforce \u00bb<\/strong>\u00a0vous aide \u00e0 vous \u00e9panouir dans un environnement bilingue.<\/p>\n<p>Dans ce cours virtuel interactif de cinq semaines con\u00e7u pour les apprenant\u00b7e\u00b7s de niveau interm\u00e9diaire, vous allez :<\/p>\n<ul>\n<li>\u2705 Renforcer votre grammaire et enrichir votre vocabulaire<\/li>\n<li>\u2705 Pratiquer la r\u00e9daction de courriels et lettres de motivation professionnels<\/li>\n<li>\u2705 Gagner en confiance pour intervenir dans les r\u00e9unions et conversations professionnelles<\/li>\n<li>\u2705 Recevoir des commentaires personnalis\u00e9s de votre formateur\u00b7trice et de vos pairs<\/li>\n<\/ul>\n<p>D\u00e9veloppez vos comp\u00e9tences existantes, mettez-les en pratique dans des situations concr\u00e8tes et amenez votre fran\u00e7ais professionnel \u00e0 un autre niveau \u2014 une interaction \u00e0 la fois.<\/p>\n<h2><strong>\u00c0 quoi s\u2019attendre<\/strong><\/h2>\n<p>Chaque session inclut :<\/p>\n<ul>\n<li>Discussions de groupe et jeux de r\u00f4le<\/li>\n<li>Exercices de r\u00e9daction de courriels et de CV<\/li>\n<li>Pr\u00e9paration aux entrevues et r\u00e9unions<\/li>\n<li>Travail sur la grammaire, la conjugaison et la compr\u00e9hension<\/li>\n<\/ul>\n<p>Vous apprendrez \u00e9galement \u00e0 int\u00e9grer des mots-cl\u00e9s et termes sp\u00e9cialis\u00e9s en fran\u00e7ais pour renforcer vos candidatures. Si vous souhaitez am\u00e9liorer votre fran\u00e7ais professionnel, ce programme vous offre le soutien et la structure n\u00e9cessaires pour r\u00e9ussir.<\/p>\n<h2><strong>Pr\u00eat\u00b7e \u00e0 vous inscrire ?<\/strong><\/h2>\n<p>Les places sont limit\u00e9es et l\u2019inscription est obligatoire. Pour assurer un bon niveau de placement, vous devrez passer une courte \u00e9valuation \u00e9crite et orale.<\/p>\n<p>\ud83d\udcde Appelez le 514-878-9788 ou \u2709\ufe0f \u00e9crivez \u00e0 <a href=\"mailto:info@yesmontreal.ca\">info@yesmontreal.ca<\/a><\/p>\n<h2><strong>Autres ressources<\/strong><\/h2>\n<p>Nous offrons \u00e9galement des <strong>services professionnels de traduction en fran\u00e7ais<\/strong> pour votre CV et votre lettre de motivation.<\/p>\n<p>Pour en savoir plus sur nos services pour chercheurs d\u2019emploi, <a href=\"https:\/\/yesmontreal.ca\/fr\/page-demploi\/\">cliquez ici<\/a>.<\/p>\n<p>&nbsp;<\/p>","excerpt":"<p>Am\u00e9liorez votre fran\u00e7ais pour le travail. Suivez une formation en ligne interactive pour r\u00e9ussir dans un environnement bilingue et professionnel.<\/p>","slug":"francais-pour-le-travail-2025-04-02","image":false,"all_day":false,"start_date":"2025-04-02 09:30:00","start_date_details":{"year":"2025","month":"04","day":"02","hour":"09","minutes":"30","seconds":"00"},"end_date":"2025-04-02 12:30:00","end_date_details":{"year":"2025","month":"04","day":"02","hour":"12","minutes":"30","seconds":"00"},"utc_start_date":"2025-04-02 13:30:00","utc_start_date_details":{"year":"2025","month":"04","day":"02","hour":"13","minutes":"30","seconds":"00"},"utc_end_date":"2025-04-02 16:30:00","utc_end_date_details":{"year":"2025","month":"04","day":"02","hour":"16","minutes":"30","seconds":"00"},"timezone":"America\/Toronto","timezone_abbr":"","cost":"","cost_details":{"currency_symbol":"$","currency_code":"CAD","currency_position":"prefix","values":[]},"website":"","show_map":false,"show_map_link":false,"hide_from_listings":false,"sticky":false,"featured":false,"categories":[{"name":"Daytime","slug":"daytime-fr","term_group":0,"term_taxonomy_id":281,"taxonomy":"tribe_events_cat","description":"","parent":0,"count":323,"filter":"raw","id":281,"urls":{"self":"https:\/\/yesmontreal.ca\/fr\/wp-json\/tribe\/events\/v1\/categories\/281","collection":"https:\/\/yesmontreal.ca\/fr\/wp-json\/tribe\/events\/v1\/categories"}},{"name":"Employment","slug":"employment-fr","term_group":0,"term_taxonomy_id":344,"taxonomy":"tribe_events_cat","description":"","parent":0,"count":184,"filter":"raw","id":344,"urls":{"self":"https:\/\/yesmontreal.ca\/fr\/wp-json\/tribe\/events\/v1\/categories\/344","collection":"https:\/\/yesmontreal.ca\/fr\/wp-json\/tribe\/events\/v1\/categories"}},{"name":"French","slug":"french-fr","term_group":0,"term_taxonomy_id":435,"taxonomy":"tribe_events_cat","description":"","parent":0,"count":21,"filter":"raw","id":435,"urls":{"self":"https:\/\/yesmontreal.ca\/fr\/wp-json\/tribe\/events\/v1\/categories\/435","collection":"https:\/\/yesmontreal.ca\/fr\/wp-json\/tribe\/events\/v1\/categories"}}],"tags":[{"name":"French classes","slug":"french-classes-fr","term_group":0,"term_taxonomy_id":432,"taxonomy":"post_tag","description":"","parent":0,"count":10,"filter":"raw","id":432,"urls":{"self":"https:\/\/yesmontreal.ca\/fr\/wp-json\/tribe\/events\/v1\/tags\/432","collection":"https:\/\/yesmontreal.ca\/fr\/wp-json\/tribe\/events\/v1\/tags"}},{"name":"Learn French","slug":"learn-french-fr","term_group":0,"term_taxonomy_id":433,"taxonomy":"post_tag","description":"","parent":0,"count":13,"filter":"raw","id":433,"urls":{"self":"https:\/\/yesmontreal.ca\/fr\/wp-json\/tribe\/events\/v1\/tags\/433","collection":"https:\/\/yesmontreal.ca\/fr\/wp-json\/tribe\/events\/v1\/tags"}},{"name":"Professional French","slug":"professional-french-fr","term_group":0,"term_taxonomy_id":434,"taxonomy":"post_tag","description":"","parent":0,"count":9,"filter":"raw","id":434,"urls":{"self":"https:\/\/yesmontreal.ca\/fr\/wp-json\/tribe\/events\/v1\/tags\/434","collection":"https:\/\/yesmontreal.ca\/fr\/wp-json\/tribe\/events\/v1\/tags"}}],"venue":{"id":57153,"author":"1131","status":"publish","date":"2022-01-23 09:08:19","date_utc":"2022-01-23 14:08:19","modified":"2022-02-01 13:04:33","modified_utc":"2022-02-01 18:04:33","url":"https:\/\/yesmontreal.ca\/lieu\/online-remote\/","venue":"Online \/ Remote","slug":"online-remote","country":"Canada","website":"https:\/\/yesmontreal.ca\/","json_ld":{"@type":"Place","name":"Online \/ Remote","description":"","url":"https:\/\/yesmontreal.ca\/lieu\/online-remote\/","address":{"@type":"PostalAddress","addressCountry":"Canada"},"telephone":"","sameAs":"https:\/\/yesmontreal.ca\/"},"show_map":false,"show_map_link":false,"global_id":"yesmontreal.ca\/fr\/?id=57153","global_id_lineage":["yesmontreal.ca\/fr\/?id=57153"]},"organizer":[{"id":55319,"author":"43","status":"publish","date":"2022-01-23 09:09:46","date_utc":"2022-01-23 14:09:46","modified":"2022-01-23 09:09:46","modified_utc":"2022-01-23 14:09:46","url":"https:\/\/yesmontreal.ca\/organisateur\/yes-employment-entrepreneurship\/","organizer":"YES Employment + Entrepreneurship","slug":"yes-employment-entrepreneurship","phone":"514-878-9788","website":"www.yesmontreal.ca","email":"info@yesmontreal.ca","json_ld":{"@type":"Person","name":"YES Employment + Entrepreneurship","description":"","url":"http:\/\/www.yesmontreal.ca","telephone":"514-878-9788","email":"&#105;&#110;&#102;o&#64;y&#101;&#115;mo&#110;&#116;real&#46;&#99;&#97;","sameAs":"http:\/\/www.yesmontreal.ca"},"global_id":"yesmontreal.ca\/fr\/?id=55319","global_id_lineage":["yesmontreal.ca\/fr\/?id=55319"]}],"custom_fields":[],"json_ld":{"@context":"http:\/\/schema.org","@type":"Event","name":"French for the Workforce","description":"&lt;p&gt;Am\u00e9liorez votre fran\u00e7ais pour le travail. Suivez une formation en ligne interactive pour r\u00e9ussir dans un environnement bilingue et professionnel.&lt;\/p&gt;\\n","url":"https:\/\/yesmontreal.ca\/fr\/event\/francais-pour-le-travail\/2025-04-02\/","eventAttendanceMode":"https:\/\/schema.org\/OfflineEventAttendanceMode","eventStatus":"https:\/\/schema.org\/EventScheduled","startDate":"2025-04-02T09:30:00-04:00","endDate":"2025-04-02T12:30:00-04:00","location":{"@type":"Place","name":"Online \/ Remote","description":"","url":"https:\/\/yesmontreal.ca\/lieu\/online-remote\/","address":{"@type":"PostalAddress","addressCountry":"Canada"},"telephone":"","sameAs":"https:\/\/yesmontreal.ca\/"},"organizer":{"@type":"Person","name":"YES Employment + Entrepreneurship","description":"","url":"http:\/\/www.yesmontreal.ca","telephone":"514-878-9788","email":"&#105;n&#102;&#111;&#64;&#121;esm&#111;&#110;t&#114;&#101;al&#46;ca","sameAs":"http:\/\/www.yesmontreal.ca"},"performer":"Organization"},"is_virtual":false,"virtual_url":null,"virtual_video_source":""}